{"id":516297,"date":"2024-04-03T08:00:17","date_gmt":"2024-04-03T11:00:17","guid":{"rendered":"https:\/\/fgmdentalgroup.com\/blog\/posts\/rehabilitacion-estetica-con-corona-de-acetato-y-resina-unicromatica-en-odontopediatria\/"},"modified":"2024-08-15T15:46:17","modified_gmt":"2024-08-15T18:46:17","slug":"odontopediatria-rehabilitacion-estetica-con-corona-de-acetato-y-resina-unicromatica","status":"publish","type":"post","link":"https:\/\/fgmdentalgroup.com\/latam\/blog\/posts\/odontopediatria-rehabilitacion-estetica-con-corona-de-acetato-y-resina-unicromatica\/","title":{"rendered":"Odontopediatr\u00eda: Rehabilitaci\u00f3n est\u00e9tica con corona de acetato y resina unicrom\u00e1tica"},"content":{"rendered":"<p>Un nuevo reto superado en odontopediatr\u00eda para la rehabilitaci\u00f3n est\u00e9tica con corona de acetato y resina unicrom\u00e1tica en un ni\u00f1o de 4 a\u00f1os.<\/p>\n<p><em>Autores: Profa. Dra. Sandra Kalil Bussadori, Profa. Dra. Pamella de Barros Motta, Profa. Dra. Ana Paula Taboada Sobral y Profa. Dra. Carolina Cardoso Guedes<\/em><\/p>\n<p>PACIENTE DEL SEXO MASCULINO, 4 A\u00d1OS<\/p>\n<p>La principal queja de los responsables por el ni\u00f1o eran los dientes oscurecidos.<\/p>\n<h3><strong>Evaluaci\u00f3n inicial<\/strong><\/h3>\n<p>Despu\u00e9s de anamnesis detallada, examen cl\u00ednico y radiogr\u00e1fico, no fue observada ning\u00fan cambio patol\u00f3gico. Durante el examen cl\u00ednico, fue verificada la presencia de lesiones cariosas activas no cavitadas (manchas blancas) generalizadas en los arcos superior e inferior. Los dientes 51 y 52 presentaban lesiones de caries en dentina sin comprometimiento pulpar.<\/p>\n<p>Caries es una enfermedad din\u00e1mica y multifactorial causada por el desequilibrio de la microbiota bucal debido al consumo en gran frecuencia de carbohidratos fermentables, como la sacarosa, que lleva a la desmineralizaci\u00f3n de los tejidos duros del diente.<\/p>\n<p>Cuando ocurre la p\u00e9rdida mineral, la lesi\u00f3n de caries ir\u00e1 a manifestarse cl\u00ednicamente, en el inicio como una lesi\u00f3n no cavitada, que puede evolucionar para una cavidad.<\/p>\n<p>La Odontopediatr\u00eda tiene como finalidad promoverles a los pacientes acciones preventivas en salud bucal, sin embargo, a\u00fan encontramos un alto \u00edndice de lesiones de caries en los dientes deciduos, siendo necesaria la rehabilitaci\u00f3n de los elementos acometidos por la enfermedad para restablecer la funci\u00f3n y est\u00e9tica de los pacientes.<\/p>\n<h3><strong>Tratamiento ejecutado en la odontopediatr\u00eda\u00a0<\/strong><\/h3>\n<p>Los responsables por el ni\u00f1o fueron orientados respecto a la adecuaci\u00f3n de la dieta e higiene oral. Fue realizado el protocolo de aplicaci\u00f3n de <a href=\"https:\/\/fgmdentalgroup.com\/latam\/productos-estetica\/duofluorid-xii\/\"><strong>Duofluorid XII<\/strong><\/a> en las manchas blancas activas (cuatro sesiones de una sesi\u00f3n por semana).<\/p>\n<p>Fue realizado grabado con <a href=\"https:\/\/fgmdentalgroup.com\/latam\/productos-estetica\/condac-37\/\"><strong>Condac 37<\/strong><\/a> en los dientes 51 y 52, lavado, secado, aplicaci\u00f3n del sistema adhesivo <a href=\"https:\/\/fgmdentalgroup.com\/latam\/productos-estetica\/ambar-aps\/\"><strong>Ambar APS<\/strong><\/a>, fotoactivado por 10 segundos. Fue realizado el mascarado de la estructura dental oscurecida con la resina compuesta <a href=\"https:\/\/fgmdentalgroup.com\/latam\/productos-estetica\/opallis-odontopediatria\/\"><strong>Opallis<\/strong> <\/a>en el color OW. Las coronas de acetato fueron recortadas para mejor adaptaci\u00f3n al remanente dental. Un orificio en la faz palatina de las coronas de acetato fue hecho para evitar el extravasado del exceso de resina compuesta.<\/p>\n<p>Las coronas fueron rellenadas con la resina <a href=\"https:\/\/fgmdentalgroup.com\/latam\/productos-estetica\/vittra-aps-unique\/\"><strong>Vittra APS Unique<\/strong><\/a>, los excesos de resina compuesta de las regiones proximales fueron retirados y s\u00f3lo entonces, fue realizada la fotoactivaci\u00f3n alrededor de las coronas, por 20 segundos en cada superficie. La resina unicrom\u00e1tica copi\u00f3 el color del sustrato dentario que fue mascarado con la resina <a href=\"https:\/\/fgmdentalgroup.com\/latam\/productos-estetica\/opallis-odontopediatria\/\"><strong>Opallis<\/strong> <\/a>en el color OW, descartando la falla en la selecci\u00f3n del color y as\u00ed, reduciendo el tiempo cl\u00ednico, que es lo que se desea en el atendimiento odontopedi\u00e1trico.<\/p>\n<h3><strong>Paso a paso<\/strong><\/h3>\n<p><img fetchpriority=\"high\" decoding=\"async\" class=\"alignnone wp-image-470867 size-full\" src=\"https:\/\/fgmdentalgroup.com\/wp-content\/uploads\/2024\/02\/caso05-images1.png\" alt=\"1 | Grabado \u00e1cido con Condac 37.\" width=\"900\" height=\"583\" title=\"\" srcset=\"https:\/\/fgmdentalgroup.com\/wp-content\/uploads\/2024\/02\/caso05-images1.png 900w, https:\/\/fgmdentalgroup.com\/wp-content\/uploads\/2024\/02\/caso05-images1-300x194.png 300w\" sizes=\"(max-width: 900px) 100vw, 900px\" \/><\/p>\n<p>1 | Grabado \u00e1cido con <a href=\"https:\/\/fgmdentalgroup.com\/latam\/productos-estetica\/condac-37\/\"><strong>Condac 37.<\/strong><\/a><\/p>\n<p><img decoding=\"async\" class=\"alignnone wp-image-470881 size-full\" src=\"https:\/\/fgmdentalgroup.com\/wp-content\/uploads\/2024\/02\/caso05-images2.png\" alt=\"2 | Aplicaci\u00f3n y fotoactivaci\u00f3n del sistema adhesivo Ambar APS.\" width=\"900\" height=\"583\" title=\"\" srcset=\"https:\/\/fgmdentalgroup.com\/wp-content\/uploads\/2024\/02\/caso05-images2.png 900w, https:\/\/fgmdentalgroup.com\/wp-content\/uploads\/2024\/02\/caso05-images2-300x194.png 300w\" sizes=\"(max-width: 900px) 100vw, 900px\" \/><\/p>\n<p>2 | Aplicaci\u00f3n y fotoactivaci\u00f3n del sistema adhesivo <a href=\"https:\/\/fgmdentalgroup.com\/latam\/productos-estetica\/ambar-aps\/\"><strong>Ambar APS<\/strong>.<\/a><\/p>\n<p><img decoding=\"async\" class=\"alignnone wp-image-470895 size-full\" src=\"https:\/\/fgmdentalgroup.com\/wp-content\/uploads\/2024\/02\/caso05-images3.png\" alt=\"3 | Acomodaci\u00f3n de la corona de acetato para conferir adaptaci\u00f3n. odontopediatr\u00eda\" width=\"900\" height=\"583\" title=\"\" srcset=\"https:\/\/fgmdentalgroup.com\/wp-content\/uploads\/2024\/02\/caso05-images3.png 900w, https:\/\/fgmdentalgroup.com\/wp-content\/uploads\/2024\/02\/caso05-images3-300x194.png 300w\" sizes=\"(max-width: 900px) 100vw, 900px\" \/><\/p>\n<p>3 | Acomodaci\u00f3n de la corona de acetato para conferir adaptaci\u00f3n.<\/p>\n<p><img loading=\"lazy\" decoding=\"async\" class=\"alignnone wp-image-470909 size-full\" src=\"https:\/\/fgmdentalgroup.com\/wp-content\/uploads\/2024\/02\/caso05-images4.png\" alt=\"4 | Posicionando la corona de acetato rellenado con la resina Vittra APS Unique y fotoactivaci\u00f3n del diente 52.\" width=\"900\" height=\"583\" title=\"\" srcset=\"https:\/\/fgmdentalgroup.com\/wp-content\/uploads\/2024\/02\/caso05-images4.png 900w, https:\/\/fgmdentalgroup.com\/wp-content\/uploads\/2024\/02\/caso05-images4-300x194.png 300w\" sizes=\"(max-width: 900px) 100vw, 900px\" \/><\/p>\n<p>4 | Posicionando la corona de acetato rellenado con la resina <a href=\"https:\/\/fgmdentalgroup.com\/latam\/productos-estetica\/vittra-aps-unique\/\"><strong>Vittra APS Unique<\/strong><\/a> y fotoactivaci\u00f3n del diente 52.<\/p>\n<p><img loading=\"lazy\" decoding=\"async\" class=\"alignnone wp-image-470923 size-full\" src=\"https:\/\/fgmdentalgroup.com\/wp-content\/uploads\/2024\/02\/caso05-images5.png\" alt=\"5 | Quitando la corona de acetato tras activaci\u00f3n del diente 52.\" width=\"900\" height=\"583\" title=\"\" srcset=\"https:\/\/fgmdentalgroup.com\/wp-content\/uploads\/2024\/02\/caso05-images5.png 900w, https:\/\/fgmdentalgroup.com\/wp-content\/uploads\/2024\/02\/caso05-images5-300x194.png 300w\" sizes=\"(max-width: 900px) 100vw, 900px\" \/><\/p>\n<p>5 | Quitando la corona de acetato tras activaci\u00f3n del diente 52.<\/p>\n<p><img loading=\"lazy\" decoding=\"async\" class=\"alignnone wp-image-470937 size-full\" src=\"https:\/\/fgmdentalgroup.com\/wp-content\/uploads\/2024\/02\/caso05-images6.png\" alt=\"6 y 7 | Aspecto inicial y final.\" width=\"900\" height=\"583\" title=\"\" srcset=\"https:\/\/fgmdentalgroup.com\/wp-content\/uploads\/2024\/02\/caso05-images6.png 900w, https:\/\/fgmdentalgroup.com\/wp-content\/uploads\/2024\/02\/caso05-images6-300x194.png 300w\" sizes=\"(max-width: 900px) 100vw, 900px\" \/><\/p>\n<p><img loading=\"lazy\" decoding=\"async\" class=\"alignnone wp-image-470951 size-full\" src=\"https:\/\/fgmdentalgroup.com\/wp-content\/uploads\/2024\/02\/caso05-images7.png\" alt=\"6 y 7 | Aspecto inicial y final.\" width=\"900\" height=\"583\" title=\"\" srcset=\"https:\/\/fgmdentalgroup.com\/wp-content\/uploads\/2024\/02\/caso05-images7.png 900w, https:\/\/fgmdentalgroup.com\/wp-content\/uploads\/2024\/02\/caso05-images7-300x194.png 300w\" sizes=\"(max-width: 900px) 100vw, 900px\" \/><\/p>\n<p>6 y 7 | Aspecto inicial y final.<\/p>\n<p>\u00a1Opallis: longevidad cl\u00ednica y est\u00e9tica!<\/p>\n<h3><a href=\"https:\/\/youtu.be\/fK33Bw1lc3Q?si=fdLRZPBW_M6bDegl\" target=\"_blank\" rel=\"noopener noreferrer nofollow\">Referencias bibliogr\u00e1ficas<\/a><\/h3>\n<ol>\n<li>ABOPED &#8211; Associa\u00e7\u00e3o Brasileira de Odontopediatria. Diagn\u00f3stico da C\u00e1rie Dent\u00e1ria. Cap\u00edtulo 6. Diretrizes para Procedimentos Cl\u00ednicos em Odontopediatria. 3. ed. Rio de janeiro: Santos, 2020<\/li>\n<\/ol>\n<h3><strong>Productos utilizados<\/strong><\/h3>\n<p><a href=\"https:\/\/fgmdentalgroup.com\/produtos-estetica\/vittra-aps-unique\/\"><img loading=\"lazy\" decoding=\"async\" class=\"alignnone size-medium wp-image-471035\" src=\"https:\/\/fgmdentalgroup.com\/wp-content\/uploads\/2024\/02\/Unique-300x68.png\" alt=\"\" width=\"300\" height=\"68\" title=\"\" srcset=\"https:\/\/fgmdentalgroup.com\/wp-content\/uploads\/2024\/02\/Unique-300x68.png 300w, https:\/\/fgmdentalgroup.com\/wp-content\/uploads\/2024\/02\/Unique.png 800w\" sizes=\"(max-width: 300px) 100vw, 300px\" \/><\/a><\/p>\n<p><a href=\"https:\/\/fgmdentalgroup.com\/produtos-estetica\/opallis\/\"><img loading=\"lazy\" decoding=\"async\" class=\"alignnone size-medium wp-image-470993\" src=\"https:\/\/fgmdentalgroup.com\/wp-content\/uploads\/2024\/02\/Opallis-300x64.png\" alt=\"\" width=\"300\" height=\"64\" title=\"\" srcset=\"https:\/\/fgmdentalgroup.com\/wp-content\/uploads\/2024\/02\/Opallis-300x64.png 300w, https:\/\/fgmdentalgroup.com\/wp-content\/uploads\/2024\/02\/Opallis.png 1200w\" sizes=\"(max-width: 300px) 100vw, 300px\" \/><\/a><\/p>\n<p><a href=\"https:\/\/fgmdentalgroup.com\/produtos-estetica\/condac-37\/\"><img loading=\"lazy\" decoding=\"async\" class=\"alignnone size-medium wp-image-471007\" src=\"https:\/\/fgmdentalgroup.com\/wp-content\/uploads\/2024\/02\/SERINGA_CONDAC_37_TRANSP-2-300x86.png\" alt=\"\" width=\"300\" height=\"86\" title=\"\" srcset=\"https:\/\/fgmdentalgroup.com\/wp-content\/uploads\/2024\/02\/SERINGA_CONDAC_37_TRANSP-2-300x86.png 300w, https:\/\/fgmdentalgroup.com\/wp-content\/uploads\/2024\/02\/SERINGA_CONDAC_37_TRANSP-2.png 1000w\" sizes=\"(max-width: 300px) 100vw, 300px\" \/><\/a><\/p>\n<p><a href=\"https:\/\/fgmdentalgroup.com\/latam\/productos-estetica\/duofluorid-xii\/\"><img loading=\"lazy\" decoding=\"async\" class=\"alignnone wp-image-470965\" src=\"https:\/\/fgmdentalgroup.com\/wp-content\/uploads\/2024\/02\/Duoflorid_Verniz-110x300.png\" alt=\"\" width=\"75\" height=\"205\" title=\"\" srcset=\"https:\/\/fgmdentalgroup.com\/wp-content\/uploads\/2024\/02\/Duoflorid_Verniz-110x300.png 110w, https:\/\/fgmdentalgroup.com\/wp-content\/uploads\/2024\/02\/Duoflorid_Verniz.png 330w\" sizes=\"(max-width: 75px) 100vw, 75px\" \/> \u00a0 \u00a0 \u00a0<\/a><a href=\"https:\/\/fgmdentalgroup.com\/produtos-estetica\/ambar-aps\/\"><img loading=\"lazy\" decoding=\"async\" class=\"alignnone wp-image-470979\" src=\"https:\/\/fgmdentalgroup.com\/wp-content\/uploads\/2024\/02\/Frasco_Ambar_APS-1-e1713986730900.png\" alt=\"\" width=\"81\" height=\"195\" title=\"\" srcset=\"https:\/\/fgmdentalgroup.com\/wp-content\/uploads\/2024\/02\/Frasco_Ambar_APS-1-e1713986730900.png 329w, https:\/\/fgmdentalgroup.com\/wp-content\/uploads\/2024\/02\/Frasco_Ambar_APS-1-e1713986730900-125x300.png 125w\" sizes=\"(max-width: 81px) 100vw, 81px\" \/><\/a><\/p>\n","protected":false},"excerpt":{"rendered":"<p>Un nuevo reto superado en odontopediatr\u00eda para la rehabilitaci\u00f3n est\u00e9tica con corona de acetato y resina unicrom\u00e1tica en un ni\u00f1o de 4 a\u00f1os. Autores: Profa. Dra. Sandra Kalil Bussadori, Profa. Dra. Pamella de Barros Motta, Profa. Dra. Ana Paula Taboada Sobral y Profa. Dra. Carolina Cardoso Guedes PACIENTE DEL SEXO MASCULINO, 4 A\u00d1OS La principal [&hellip;]<\/p>\n","protected":false},"author":17,"featured_media":519524,"comment_status":"closed","ping_status":"closed","sticky":false,"template":"","format":"standard","meta":{"footnotes":""},"categories":[1497],"tags":[659],"produto-relacionado":[],"categoria-post":[26],"linha-de-atuacao":[478],"class_list":["post-516297","post","type-post","status-publish","format-standard","has-post-thumbnail","hentry","category-posts-latam","tag-casos-clinicos-latam","categoria-post-casos-clinicos","linha-de-atuacao-produto-estetica-latam"],"_links":{"self":[{"href":"https:\/\/fgmdentalgroup.com\/latam\/wp-json\/wp\/v2\/posts\/516297"}],"collection":[{"href":"https:\/\/fgmdentalgroup.com\/latam\/wp-json\/wp\/v2\/posts"}],"about":[{"href":"https:\/\/fgmdentalgroup.com\/latam\/wp-json\/wp\/v2\/types\/post"}],"author":[{"embeddable":true,"href":"https:\/\/fgmdentalgroup.com\/latam\/wp-json\/wp\/v2\/users\/17"}],"replies":[{"embeddable":true,"href":"https:\/\/fgmdentalgroup.com\/latam\/wp-json\/wp\/v2\/comments?post=516297"}],"version-history":[{"count":0,"href":"https:\/\/fgmdentalgroup.com\/latam\/wp-json\/wp\/v2\/posts\/516297\/revisions"}],"wp:featuredmedia":[{"embeddable":true,"href":"https:\/\/fgmdentalgroup.com\/latam\/wp-json\/wp\/v2\/media\/519524"}],"wp:attachment":[{"href":"https:\/\/fgmdentalgroup.com\/latam\/wp-json\/wp\/v2\/media?parent=516297"}],"wp:term":[{"taxonomy":"category","embeddable":true,"href":"https:\/\/fgmdentalgroup.com\/latam\/wp-json\/wp\/v2\/categories?post=516297"},{"taxonomy":"post_tag","embeddable":true,"href":"https:\/\/fgmdentalgroup.com\/latam\/wp-json\/wp\/v2\/tags?post=516297"},{"taxonomy":"produto-relacionado","embeddable":true,"href":"https:\/\/fgmdentalgroup.com\/latam\/wp-json\/wp\/v2\/produto-relacionado?post=516297"},{"taxonomy":"categoria-post","embeddable":true,"href":"https:\/\/fgmdentalgroup.com\/latam\/wp-json\/wp\/v2\/categoria-post?post=516297"},{"taxonomy":"linha-de-atuacao","embeddable":true,"href":"https:\/\/fgmdentalgroup.com\/latam\/wp-json\/wp\/v2\/linha-de-atuacao?post=516297"}],"curies":[{"name":"wp","href":"https:\/\/api.w.org\/{rel}","templated":true}]}}