{"id":473618,"date":"2012-07-25T00:00:00","date_gmt":"2012-07-25T03:00:00","guid":{"rendered":"https:\/\/fgmdentalgroup.com\/blog\/posts\/los-dolores-de-cabeza-pueden-estar-relacionados-con-el-bruxismo\/"},"modified":"2012-07-25T00:00:00","modified_gmt":"2012-07-25T03:00:00","slug":"los-dolores-de-cabeza-pueden-estar-relacionados-con-el-bruxismo","status":"publish","type":"post","link":"https:\/\/fgmdentalgroup.com\/latam\/blog\/posts\/los-dolores-de-cabeza-pueden-estar-relacionados-con-el-bruxismo\/","title":{"rendered":"\u00bfLos dolores de cabeza pueden estar relacionados con el bruxismo?"},"content":{"rendered":"<p data-sourcepos=\"3:1-3:78\"><em>Exceso de fuerza muscular como causa de cefaleas tensionales pericraneanas<\/em><\/p>\n<p data-sourcepos=\"5:1-5:612\">El bruxismo afecta a alrededor del 30% de la poblaci\u00f3n brasile\u00f1a y puede causar graves da\u00f1os a la salud. Seg\u00fan el ortodoncista y ortopedista facial Gerson K\u00f6hler, el problema se define en t\u00e9rminos m\u00e9dicos como una respuesta psicofisiol\u00f3gica caracterizada por el apretamiento y el rechinamiento de los dientes entre s\u00ed sin un objetivo funcional. &#8220;El bruxismo nocturno es el m\u00e1s com\u00fan y se considera uno de los varios trastornos que afectan el sue\u00f1o&#8221;, explica el especialista, miembro de la Sociedad Brasile\u00f1a del Sue\u00f1o y tambi\u00e9n del Grupo de Informaci\u00f3n para Personas con Tinnitus de Curitiba (GIPZ Curitiba).<\/p>\n<p><img decoding=\"async\" class=\"aligncenter\" src=\"https:\/\/upload.wikimedia.org\/wikipedia\/commons\/b\/b5\/Skeleton_with_misaligned_teeth.jpg\" alt=\"File:Skeleton with misaligned teeth.jpg - Wikimedia Commons\" title=\"\"><\/p>\n<p data-sourcepos=\"3:1-3:570\">Las personas que sufren de bruxismo nocturno experimentan un exceso de movimiento de la musculatura masticatoria, principalmente de los m\u00fasculos temporales, ubicados en la regi\u00f3n de las sienes a ambos lados de la cabeza. &#8220;Esta exacerbaci\u00f3n se percibe en la intensidad y la frecuencia de los movimientos. Esta tensi\u00f3n muscular exagerada tiene como una de sus consecuencias la aparici\u00f3n de dolores de cabeza tensionales alrededor del cr\u00e1neo, denominados t\u00e9cnicamente como cefaleas tensionales pericraneanas. El malestar es m\u00e1s fuerte en el \u00e1rea de las sienes&#8221;, se\u00f1ala.<\/p>\n<p data-sourcepos=\"5:1-5:536\">La sobrecarga muscular proviene de los apretones, que pueden ocurrir durante el d\u00eda y la noche, y de los rechinar, que son m\u00e1s comunes en el per\u00edodo nocturno. Las cefaleas tensionales son el resultado de este uso innecesario y excesivo de los m\u00fasculos masticatorios. &#8220;El bruxismo puede ser detectado por la persona que duerme al lado del portador. Los movimientos producen ruidos caracter\u00edsticos que delatan la condici\u00f3n&#8221;, explica Gerson, quien trabaja en un contexto interdisciplinario en el equipo de la cl\u00ednica K\u00f6hler Ortofacial.<\/p>\n<p data-sourcepos=\"7:1-7:625\">El diagn\u00f3stico puede realizarse mediante la polisomnograf\u00eda, un examen utilizado para identificar trastornos del sue\u00f1o. Seg\u00fan Juarez K\u00f6hler, especialista en Ortodoncia y Ortopedia Facial de K\u00f6hler Ortofacial, esta evaluaci\u00f3n permite probar varios par\u00e1metros del cuerpo durante el sue\u00f1o. &#8220;Se analizan factores como los potenciales el\u00e9ctricos de la actividad cerebral, la frecuencia card\u00edaca, el esfuerzo respiratorio, la saturaci\u00f3n de ox\u00edgeno en la sangre y la actividad muscular craneofacial. Estos elementos ayudan a identificar el problema&#8221;, destaca Ju\u00e1rez, quien tambi\u00e9n forma parte de la Sociedad Brasile\u00f1a del Sue\u00f1o.<\/p>\n<p data-sourcepos=\"9:1-9:600\">El tratamiento del bruxismo y sus consecuencias para la salud puede realizarse con procedimientos odontol\u00f3gicos. Las cefaleas tensionales pericraneanas pueden eliminarse con la prescripci\u00f3n de aparatos intrabucales que promueven la relajaci\u00f3n muscular. &#8220;Otra intervenci\u00f3n importante es la reorganizaci\u00f3n posicional de los dientes en sus arcos, mediante Ortodoncia, permitiendo una oclusi\u00f3n dental correcta y equilibrada. De esta forma, las fuerzas masticatorias se disipan por la regi\u00f3n craneofacial de forma sim\u00e9trica entre los lados izquierdo y derecho de la cara y la cabeza&#8221;, enfatiza Ju\u00e1rez.<\/p>\n<p><img decoding=\"async\" class=\"aligncenter\" src=\"https:\/\/live.staticflickr.com\/5562\/14597769968_f8db5d82c2_b.jpg\" alt=\"Image from page 121 of &quot;The science and practice of dental\u2026 | Flickr\" title=\"\"><\/p>\n<p data-sourcepos=\"3:1-3:613\">El paciente tambi\u00e9n puede ser orientado a usar medicamentos con propiedades relajantes y ansiol\u00edticas, para disminuir la tensi\u00f3n y la ansiedad, respectivamente. Los medicamentos deben complementar el tratamiento y no reemplazar las otras estrategias. &#8220;Los enfoques odontol\u00f3gicos para los problemas de apretamiento dental y bruxismo han sido cada vez m\u00e1s estudiados, generalmente en conjunto con la neurolog\u00eda, siendo cada vez m\u00e1s efectivos en el tratamiento de las llamadas cefaleas tensionales y sus inc\u00f3modos s\u00edntomas y repercusiones sobre el bienestar y la calidad de vida de las personas&#8221;, observa Gerson.<\/p>\n<p data-sourcepos=\"5:1-5:657\">Juarez a\u00f1ade que las cefaleas tensionales pericraneanas causadas por la tensi\u00f3n excesiva de la musculatura craneofacial, especialmente de los m\u00fasculos masticatorios, suelen afectar a hombres y mujeres, pero es m\u00e1s predominante en personas del sexo femenino. &#8220;Las mujeres son m\u00e1s propensas al estr\u00e9s emocional que los hombres, lo que aumenta el riesgo de sufrir bruxismo y otros trastornos que comprometen la salud general del organismo. El tratamiento es fundamental, ya que el bruxismo es extremadamente destructivo para la estructura dental, sus tejidos de soporte, las articulaciones de la mand\u00edbula e incluso para el o\u00eddo&#8221;, finaliza el especialista.<\/p>\n<p>Fuente: <a title=\"https:\/\/www.bemparana.com.br\/noticia\/dores-de-cabeca-podem-estar-relacionadas-ao-bruxismo-221640#.YRVmCYhKiUk\" href=\"https:\/\/www.bemparana.com.br\/noticia\/dores-de-cabeca-podem-estar-relacionadas-ao-bruxismo-221640#.YRVmCYhKiUk\" target=\"_blank\" rel=\"noopener noreferrer nofollow\">Bem Paran\u00e1<\/a><\/p>\n","protected":false},"excerpt":{"rendered":"<p>Exceso de fuerza muscular como causa de cefaleas tensionales pericraneanas El bruxismo afecta a alrededor del 30% de la poblaci\u00f3n brasile\u00f1a y puede causar graves da\u00f1os a la salud. Seg\u00fan el ortodoncista y ortopedista facial Gerson K\u00f6hler, el problema se define en t\u00e9rminos m\u00e9dicos como una respuesta psicofisiol\u00f3gica caracterizada por el apretamiento y el rechinamiento [&hellip;]<\/p>\n","protected":false},"author":16,"featured_media":393394,"comment_status":"closed","ping_status":"closed","sticky":false,"template":"","format":"standard","meta":{"footnotes":""},"categories":[],"tags":[],"produto-relacionado":[],"categoria-post":[27],"linha-de-atuacao":[478],"class_list":["post-473618","post","type-post","status-publish","format-standard","has-post-thumbnail","hentry","categoria-post-fgm-news","linha-de-atuacao-produto-estetica-latam"],"_links":{"self":[{"href":"https:\/\/fgmdentalgroup.com\/latam\/wp-json\/wp\/v2\/posts\/473618"}],"collection":[{"href":"https:\/\/fgmdentalgroup.com\/latam\/wp-json\/wp\/v2\/posts"}],"about":[{"href":"https:\/\/fgmdentalgroup.com\/latam\/wp-json\/wp\/v2\/types\/post"}],"author":[{"embeddable":true,"href":"https:\/\/fgmdentalgroup.com\/latam\/wp-json\/wp\/v2\/users\/16"}],"replies":[{"embeddable":true,"href":"https:\/\/fgmdentalgroup.com\/latam\/wp-json\/wp\/v2\/comments?post=473618"}],"version-history":[{"count":0,"href":"https:\/\/fgmdentalgroup.com\/latam\/wp-json\/wp\/v2\/posts\/473618\/revisions"}],"wp:featuredmedia":[{"embeddable":true,"href":"https:\/\/fgmdentalgroup.com\/latam\/wp-json\/wp\/v2\/media\/393394"}],"wp:attachment":[{"href":"https:\/\/fgmdentalgroup.com\/latam\/wp-json\/wp\/v2\/media?parent=473618"}],"wp:term":[{"taxonomy":"category","embeddable":true,"href":"https:\/\/fgmdentalgroup.com\/latam\/wp-json\/wp\/v2\/categories?post=473618"},{"taxonomy":"post_tag","embeddable":true,"href":"https:\/\/fgmdentalgroup.com\/latam\/wp-json\/wp\/v2\/tags?post=473618"},{"taxonomy":"produto-relacionado","embeddable":true,"href":"https:\/\/fgmdentalgroup.com\/latam\/wp-json\/wp\/v2\/produto-relacionado?post=473618"},{"taxonomy":"categoria-post","embeddable":true,"href":"https:\/\/fgmdentalgroup.com\/latam\/wp-json\/wp\/v2\/categoria-post?post=473618"},{"taxonomy":"linha-de-atuacao","embeddable":true,"href":"https:\/\/fgmdentalgroup.com\/latam\/wp-json\/wp\/v2\/linha-de-atuacao?post=473618"}],"curies":[{"name":"wp","href":"https:\/\/api.w.org\/{rel}","templated":true}]}}