{"id":440357,"date":"2023-10-10T09:28:28","date_gmt":"2023-10-10T12:28:28","guid":{"rendered":"https:\/\/fgmdentalgroup.com\/?p=440357"},"modified":"2024-02-20T13:09:30","modified_gmt":"2024-02-20T16:09:30","slug":"carillas-fgm-bruxismo","status":"publish","type":"post","link":"https:\/\/fgmdentalgroup.com\/latam\/blog\/posts\/carillas-fgm-bruxismo\/","title":{"rendered":"Carillas directas para rehabilitaci\u00f3n completa en dientes desgastados por bruxismo"},"content":{"rendered":"<p>En este caso cl\u00ednico <span class=\"ui-provider ec azr azl azs azt azu azv azw azx azy azz baa bab bac bae baf bag bah bai baj bak bal bam ban bao bap baq bar bas bat bau bav baw bax bay\" dir=\"ltr\">presentamos\u00a0<\/span>un paciente con carillas directas para rehabilitaci\u00f3n completa sobre dientes severamente desgastados por el bruxismo.<\/p>\n<p><strong>Autor:<\/strong>\u00a0Dr. Pedro Alexandre<\/p>\n<p>Paciente del sexo masculino, 40 a\u00f1os de edad.<\/p>\n<p><strong>Queja principal:<\/strong> El paciente se present\u00f3 a la cl\u00ednica con grandes desgastes en ambas arcos, por severo bruxismo, por el tratamiento ortod\u00f3ntico, realizado para corregir posicionamientos dentales y permitir espacio adecuado para las restauraciones.<\/p>\n<h3>Evaluaci\u00f3n inicial<\/h3>\n<p>Despu\u00e9s del tratamiento ortod\u00f3ntico, se realiz\u00f3 el moldeo en alginato con el objetivo de enceramiento diagn\u00f3stico, bien como, se hicieron las tomadas fotogr\u00e1ficas intra y extrabucales, con la finalidad de planear las reconstrucciones dentales, basadas en las caracter\u00edsticas y l\u00edneas de la cara del paciente.<\/p>\n<p>El enceramiento sigui\u00f3 entonces a la evaluaci\u00f3n fotogr\u00e1fica y permiti\u00f3 el desarrollo de modelos encerados, que sirvieron de base para la construcci\u00f3n de las faces palatinas de los dientes, tanto en la arcada superior, como en la arcada inferior.<\/p>\n<p>Ese paso es de extrema importancia, pues la reconstrucci\u00f3n de esas faces, a mano libre, impide la adecuada recomposici\u00f3n de las estructuras de las cristas marginales, por lo tanto, imposibilitando una correcta anatom\u00eda palatina, lo que no proporciona correctas gu\u00edas de desoclusi\u00f3n, important\u00edsimas para la longevidad de un trabajo de esas proporciones.<\/p>\n<h3>Tratamiento ejecutado en carillas<\/h3>\n<p>A partir del planeamiento, se siguieron los procedimientos de producci\u00f3n de las carillas y reconstrucciones dentales. Se marc\u00f3 una sesi\u00f3n cl\u00ednica larga para que se pudiera realizar las carillas superiores del segundo premolar hasta segundo premolar superior. Despu\u00e9s del adecuado aislamiento, se hizo la profilaxis con piedra p\u00f3mez y agua, sacando la pel\u00edcula adquirida remanente<\/p>\n<p>Se hizo el grabado \u00e1cido con <a href=\"https:\/\/fgmdentalgroup.com\/latam\/productos-estetica\/condac-37\/\"><strong>Condac 37<\/strong><\/a>, observando los tiempos adecuados, pues no se debe exceder los 15 segundos en el esmalte para no disminuir la resistencia de uni\u00f3n. Y se aplic\u00f3 el sistema adhesivo<a href=\"https:\/\/fgmdentalgroup.com\/latam\/productos-estetica\/ambar-universal-aps\/\"><strong> Ambar APS<\/strong><\/a> por su caracter\u00edstica de resistencia de uni\u00f3n y tambi\u00e9n debido a su sistema APS, que no amarilla la interfaz.<\/p>\n<p>La resina de elecci\u00f3n fue la Resina <a href=\"https:\/\/fgmdentalgroup.com\/latam\/productos-estetica\/vittra-aps\/\"><strong>Vittra APS<\/strong><\/a> color de dientes blanqueados, DBL1 y EBL1, tambi\u00e9n se utilizaron los colores DA2 y Trans OPL. Entonces, la secuencia restauradora fue la reconstrucci\u00f3n de una fina camada palatina, a trav\u00e9s de la gu\u00eda de silicona, que fue fabricada a partir del modelo encerado. La resina utilizada fue <a href=\"https:\/\/fgmdentalgroup.com\/latam\/productos-estetica\/vittra-aps\/\"><strong>Vittra APS<\/strong><\/a> Trans OPL. Se observ\u00f3 que esta camada necesita ser extremamente fina y, para a\u00f1adir la pr\u00f3xima camada, se mantuvo la gu\u00eda en posici\u00f3n. Despu\u00e9s de esta camada, fue necesario utilizar una resina que tuviera la misma tonalidad del sustrato dental, para poder nivelar la camada palatina reconstruida con el remanente, para eso se utiliz\u00f3 la resina <a href=\"https:\/\/fgmdentalgroup.com\/latam\/productos-estetica\/vittra-aps\/\"><strong>Vittra APS<\/strong><\/a> DA2.<\/p>\n<p>Se observ\u00f3 tambi\u00e9n que fue dejado un espacio entre los l\u00f3bulos dentales para creaci\u00f3n de la translucidez incisal. Despu\u00e9s, se inici\u00f3 el faceado del diente, para ello se utiliz\u00f3 una camada de<a href=\"https:\/\/fgmdentalgroup.com\/latam\/productos-estetica\/vittra-aps\/\"><strong> Vittra APS<\/strong><\/a> DBL1, recubriendo toda la cara vestibular mientras el tercio cervical recibi\u00f3 un espesor ligeramente mayor de esta camada que el tercio incisal. Esta camada necesita ser aplicada con tranquilidad y, en funci\u00f3n del sistema APS, se tiene largo tiempo de trabajo, aun en condiciones de alta luminosidad, y se debe, en este momento, esmerarse en la anatom\u00eda para evitar espesores diferentes en la misma regi\u00f3n y ya iniciar la correcta anatom\u00eda vestibular, que ser\u00e1 finalizada en la pr\u00f3xima camada.<\/p>\n<p>La camada final fue realizada con la resina <a href=\"https:\/\/fgmdentalgroup.com\/latam\/productos-estetica\/vittra-aps\/\"><strong>Vittra APS<\/strong><\/a> EBL1 en una fina camada superficial. La resina compuesta, hoy, se convirti\u00f3 en un material extremamente vers\u00e1til, permitiendo rehabilitaciones extensas, incluso. Eso se debe a sus mejores propiedades mec\u00e1nicas, comparables incluso a las porcelanas feldesp\u00e1ticas.Adem\u00e1s, la evoluci\u00f3n de las t\u00e9cnicas y de los materiales de acabado, pulido y de fotoactivaci\u00f3n de esas resinas, se ha observado una longevidad muy grande de esos tratamientos. Es innegable que para que cualquier tratamiento tenga longevidad es necesario el diagn\u00f3stico correcto para las mejores indicaciones.<\/p>\n<h3>Paso a paso<\/h3>\n<p><img fetchpriority=\"high\" decoding=\"async\" class=\"alignnone wp-image-433453\" src=\"https:\/\/fgmdentalgroup.com\/wp-content\/uploads\/2023\/08\/1-scaled.jpg\" alt=\"1 | Enceramento de planejamento vista vestibular. \" width=\"1080\" height=\"720\" title=\"\" srcset=\"https:\/\/fgmdentalgroup.com\/wp-content\/uploads\/2023\/08\/1-scaled.jpg 2560w, https:\/\/fgmdentalgroup.com\/wp-content\/uploads\/2023\/08\/1-300x200.jpg 300w, https:\/\/fgmdentalgroup.com\/wp-content\/uploads\/2023\/08\/1-150x100.jpg 150w\" sizes=\"(max-width: 1080px) 100vw, 1080px\" \/><\/p>\n<p>1 | Enceramiento de planeamiento vista vestibular.<\/p>\n<p><img decoding=\"async\" class=\"alignnone wp-image-433467\" src=\"https:\/\/fgmdentalgroup.com\/wp-content\/uploads\/2023\/08\/2-scaled.jpg\" alt=\"2 | Enceramento de planejamento vista lingual. \" width=\"1080\" height=\"720\" title=\"\" srcset=\"https:\/\/fgmdentalgroup.com\/wp-content\/uploads\/2023\/08\/2-scaled.jpg 2560w, https:\/\/fgmdentalgroup.com\/wp-content\/uploads\/2023\/08\/2-300x200.jpg 300w, https:\/\/fgmdentalgroup.com\/wp-content\/uploads\/2023\/08\/2-150x100.jpg 150w\" sizes=\"(max-width: 1080px) 100vw, 1080px\" \/><\/p>\n<p>2 | Enceramiento de planeamiento vista lengual<\/p>\n<p><img decoding=\"async\" class=\"alignnone wp-image-433481\" src=\"https:\/\/fgmdentalgroup.com\/wp-content\/uploads\/2023\/08\/3-scaled.jpg\" alt=\"3 | Guia palatina para reconstru\u00e7\u00e3o dos dentes. \" width=\"1080\" height=\"720\" title=\"\" srcset=\"https:\/\/fgmdentalgroup.com\/wp-content\/uploads\/2023\/08\/3-scaled.jpg 2560w, https:\/\/fgmdentalgroup.com\/wp-content\/uploads\/2023\/08\/3-300x200.jpg 300w, https:\/\/fgmdentalgroup.com\/wp-content\/uploads\/2023\/08\/3-150x100.jpg 150w\" sizes=\"(max-width: 1080px) 100vw, 1080px\" \/><\/p>\n<p>3 | Gu\u00eda palatina para reconstrucci\u00f3n de los dientes.<\/p>\n<p><img loading=\"lazy\" decoding=\"async\" class=\"alignnone wp-image-433495\" src=\"https:\/\/fgmdentalgroup.com\/wp-content\/uploads\/2023\/08\/4-scaled.jpg\" alt=\"4 | Isolamento para in\u00edcio das restaura\u00e7\u00f5es das facetas\" width=\"1080\" height=\"560\" title=\"\" srcset=\"https:\/\/fgmdentalgroup.com\/wp-content\/uploads\/2023\/08\/4-scaled.jpg 2560w, https:\/\/fgmdentalgroup.com\/wp-content\/uploads\/2023\/08\/4-300x155.jpg 300w, https:\/\/fgmdentalgroup.com\/wp-content\/uploads\/2023\/08\/4-150x78.jpg 150w\" sizes=\"(max-width: 1080px) 100vw, 1080px\" \/><\/p>\n<p>4 | Aislamiento para inicio de las restauraciones.<\/p>\n<p><img loading=\"lazy\" decoding=\"async\" class=\"alignnone wp-image-433509\" src=\"https:\/\/fgmdentalgroup.com\/wp-content\/uploads\/2023\/08\/5-scaled.jpg\" alt=\"5 | Prova da Guia com isolamento. \" width=\"1080\" height=\"604\" title=\"\" srcset=\"https:\/\/fgmdentalgroup.com\/wp-content\/uploads\/2023\/08\/5-scaled.jpg 2560w, https:\/\/fgmdentalgroup.com\/wp-content\/uploads\/2023\/08\/5-300x168.jpg 300w, https:\/\/fgmdentalgroup.com\/wp-content\/uploads\/2023\/08\/5-150x84.jpg 150w\" sizes=\"(max-width: 1080px) 100vw, 1080px\" \/><\/p>\n<p>5 | Prueba de la Gu\u00eda con aislamiento.<\/p>\n<p><img loading=\"lazy\" decoding=\"async\" class=\"alignnone wp-image-433523\" src=\"https:\/\/fgmdentalgroup.com\/wp-content\/uploads\/2023\/08\/6-scaled.jpg\" alt=\"6 | Aplica\u00e7\u00e3o do Condac 37. \" width=\"1080\" height=\"599\" title=\"\" srcset=\"https:\/\/fgmdentalgroup.com\/wp-content\/uploads\/2023\/08\/6-scaled.jpg 2560w, https:\/\/fgmdentalgroup.com\/wp-content\/uploads\/2023\/08\/6-300x166.jpg 300w, https:\/\/fgmdentalgroup.com\/wp-content\/uploads\/2023\/08\/6-150x83.jpg 150w\" sizes=\"(max-width: 1080px) 100vw, 1080px\" \/><\/p>\n<p>6 | Aplicaci\u00f3n de <a href=\"https:\/\/fgmdentalgroup.com\/latam\/productos-estetica\/condac-37\/\"><strong>Condac 37<\/strong><\/a><\/p>\n<p><img loading=\"lazy\" decoding=\"async\" class=\"alignnone wp-image-433537\" src=\"https:\/\/fgmdentalgroup.com\/wp-content\/uploads\/2023\/08\/7-scaled.jpg\" alt=\"7 | Aplica\u00e7\u00e3o do Ambar APS com pincel.\" width=\"1080\" height=\"720\" title=\"\" srcset=\"https:\/\/fgmdentalgroup.com\/wp-content\/uploads\/2023\/08\/7-scaled.jpg 2560w, https:\/\/fgmdentalgroup.com\/wp-content\/uploads\/2023\/08\/7-300x200.jpg 300w, https:\/\/fgmdentalgroup.com\/wp-content\/uploads\/2023\/08\/7-150x100.jpg 150w\" sizes=\"(max-width: 1080px) 100vw, 1080px\" \/><\/p>\n<p>7 | Aplicaci\u00f3n de <a href=\"https:\/\/fgmdentalgroup.com\/latam\/productos-estetica\/ambar-universal-aps\/\"><strong>Ambar APS<\/strong><\/a> con pincel.<\/p>\n<p><img loading=\"lazy\" decoding=\"async\" class=\"alignnone wp-image-433551\" src=\"https:\/\/fgmdentalgroup.com\/wp-content\/uploads\/2023\/08\/8-scaled.jpg\" alt=\"8 | Reconstru\u00e7\u00e3o da face palatina com resina Vittra APS Trans OPL. \" width=\"1080\" height=\"714\" title=\"\" srcset=\"https:\/\/fgmdentalgroup.com\/wp-content\/uploads\/2023\/08\/8-scaled.jpg 2560w, https:\/\/fgmdentalgroup.com\/wp-content\/uploads\/2023\/08\/8-300x198.jpg 300w, https:\/\/fgmdentalgroup.com\/wp-content\/uploads\/2023\/08\/8-150x99.jpg 150w\" sizes=\"(max-width: 1080px) 100vw, 1080px\" \/><\/p>\n<p>8 | Reconstrucci\u00f3n de la cara palatina con resina <a href=\"https:\/\/fgmdentalgroup.com\/latam\/productos-estetica\/vittra-aps\/\"><strong>Vittra APS Trans OPL<\/strong><\/a><\/p>\n<p><img loading=\"lazy\" decoding=\"async\" class=\"alignnone wp-image-433565\" src=\"https:\/\/fgmdentalgroup.com\/wp-content\/uploads\/2023\/08\/9-scaled.jpg\" alt=\"9 | Faces palatinas reconstru\u00eddas com Vittra APS Trans OPL. \" width=\"1080\" height=\"720\" title=\"\" srcset=\"https:\/\/fgmdentalgroup.com\/wp-content\/uploads\/2023\/08\/9-scaled.jpg 2560w, https:\/\/fgmdentalgroup.com\/wp-content\/uploads\/2023\/08\/9-300x200.jpg 300w, https:\/\/fgmdentalgroup.com\/wp-content\/uploads\/2023\/08\/9-150x100.jpg 150w\" sizes=\"(max-width: 1080px) 100vw, 1080px\" \/><\/p>\n<p>9 | Caras palatinas reconstruidas con <a href=\"https:\/\/fgmdentalgroup.com\/latam\/productos-estetica\/vittra-aps\/\"><strong>Vittra APS Trans OPL<\/strong><\/a><\/p>\n<p><img loading=\"lazy\" decoding=\"async\" class=\"alignnone wp-image-433579\" src=\"https:\/\/fgmdentalgroup.com\/wp-content\/uploads\/2023\/08\/10-scaled.jpg\" alt=\"10 | Vista incisal da face palatina demonstrando a espessura e o espa\u00e7o remanescente. \" width=\"1080\" height=\"602\" title=\"\" srcset=\"https:\/\/fgmdentalgroup.com\/wp-content\/uploads\/2023\/08\/10-scaled.jpg 2560w, https:\/\/fgmdentalgroup.com\/wp-content\/uploads\/2023\/08\/10-300x167.jpg 300w, https:\/\/fgmdentalgroup.com\/wp-content\/uploads\/2023\/08\/10-150x84.jpg 150w\" sizes=\"(max-width: 1080px) 100vw, 1080px\" \/><\/p>\n<p>10 | Vista incisal de la cara palatina demostrando el espesor y el espacio remanente.<\/p>\n<p><img loading=\"lazy\" decoding=\"async\" class=\"alignnone wp-image-433593\" src=\"https:\/\/fgmdentalgroup.com\/wp-content\/uploads\/2023\/08\/11-scaled.jpg\" alt=\"11 | Vista palatina do detalhe da perfei\u00e7\u00e3o da reconstru\u00e7\u00e3o das estruturas palatinas. (carillas)\" width=\"1080\" height=\"528\" title=\"\" srcset=\"https:\/\/fgmdentalgroup.com\/wp-content\/uploads\/2023\/08\/11-scaled.jpg 2560w, https:\/\/fgmdentalgroup.com\/wp-content\/uploads\/2023\/08\/11-300x147.jpg 300w, https:\/\/fgmdentalgroup.com\/wp-content\/uploads\/2023\/08\/11-150x73.jpg 150w\" sizes=\"(max-width: 1080px) 100vw, 1080px\" \/><\/p>\n<p>11 | Vista palatina del detalle de la perfecci\u00f3n de la reconstrucci\u00f3n de las estructuras palatinas.<\/p>\n<p><img loading=\"lazy\" decoding=\"async\" class=\"alignnone wp-image-433607\" src=\"https:\/\/fgmdentalgroup.com\/wp-content\/uploads\/2023\/08\/12-scaled.jpg\" alt=\"12 | Equaliza\u00e7\u00e3o do substrato com resina Vittra APS DA2 e complementos de Trans OPL. \" width=\"1080\" height=\"835\" title=\"\" srcset=\"https:\/\/fgmdentalgroup.com\/wp-content\/uploads\/2023\/08\/12-scaled.jpg 2560w, https:\/\/fgmdentalgroup.com\/wp-content\/uploads\/2023\/08\/12-300x232.jpg 300w, https:\/\/fgmdentalgroup.com\/wp-content\/uploads\/2023\/08\/12-150x116.jpg 150w\" sizes=\"(max-width: 1080px) 100vw, 1080px\" \/><\/p>\n<p>12 | Ecualizaci\u00f3n del sustrato con resina <a href=\"https:\/\/fgmdentalgroup.com\/latam\/productos-estetica\/vittra-aps\/\"><strong>Vittra APS<\/strong><\/a> DA2 y complementos de Trans OPL.<\/p>\n<p><img loading=\"lazy\" decoding=\"async\" class=\"alignnone wp-image-433621\" src=\"https:\/\/fgmdentalgroup.com\/wp-content\/uploads\/2023\/08\/13-scaled.jpg\" alt=\"13 | Facetamento com resina Vittra APS DBL2. \" width=\"1080\" height=\"720\" title=\"\" srcset=\"https:\/\/fgmdentalgroup.com\/wp-content\/uploads\/2023\/08\/13-scaled.jpg 2560w, https:\/\/fgmdentalgroup.com\/wp-content\/uploads\/2023\/08\/13-300x200.jpg 300w, https:\/\/fgmdentalgroup.com\/wp-content\/uploads\/2023\/08\/13-150x100.jpg 150w\" sizes=\"(max-width: 1080px) 100vw, 1080px\" \/><\/p>\n<p>13 | Faceado con resina <a href=\"https:\/\/fgmdentalgroup.com\/latam\/productos-estetica\/vittra-aps\/\"><strong>Vittra APS<\/strong><\/a> DBL2.<\/p>\n<p><img loading=\"lazy\" decoding=\"async\" class=\"alignnone wp-image-433635\" src=\"https:\/\/fgmdentalgroup.com\/wp-content\/uploads\/2023\/08\/14-scaled.jpg\" alt=\"14 | Camada final de resina Vittra APS EBL2\" width=\"1080\" height=\"557\" title=\"\" srcset=\"https:\/\/fgmdentalgroup.com\/wp-content\/uploads\/2023\/08\/14-scaled.jpg 2560w, https:\/\/fgmdentalgroup.com\/wp-content\/uploads\/2023\/08\/14-300x155.jpg 300w, https:\/\/fgmdentalgroup.com\/wp-content\/uploads\/2023\/08\/14-150x77.jpg 150w\" sizes=\"(max-width: 1080px) 100vw, 1080px\" \/><\/p>\n<p>14 | Camada final de resina <a href=\"https:\/\/fgmdentalgroup.com\/latam\/productos-estetica\/vittra-aps\/\"><strong>Vittra APS<\/strong><\/a> EBL2<\/p>\n<p><img loading=\"lazy\" decoding=\"async\" class=\"alignnone wp-image-433649\" src=\"https:\/\/fgmdentalgroup.com\/wp-content\/uploads\/2023\/08\/15-scaled.jpg\" alt=\"15 | Finaliza\u00e7\u00e3o dos demais elementos dentais com a mesma sequ\u00eancia de cores. \" width=\"1080\" height=\"591\" title=\"\" srcset=\"https:\/\/fgmdentalgroup.com\/wp-content\/uploads\/2023\/08\/15-scaled.jpg 2560w, https:\/\/fgmdentalgroup.com\/wp-content\/uploads\/2023\/08\/15-300x164.jpg 300w, https:\/\/fgmdentalgroup.com\/wp-content\/uploads\/2023\/08\/15-150x82.jpg 150w\" sizes=\"(max-width: 1080px) 100vw, 1080px\" \/><\/p>\n<p>15 | Finalizaci\u00f3n de los dem\u00e1s elementos dentales con la misma secuencia de colores<\/p>\n<p><img loading=\"lazy\" decoding=\"async\" class=\"alignnone wp-image-433663\" src=\"https:\/\/fgmdentalgroup.com\/wp-content\/uploads\/2023\/08\/16-scaled.jpg\" alt=\"16 | Demarca\u00e7\u00e3o das \u00e1reas de brilho e sombra dos dentes. \" width=\"1080\" height=\"489\" title=\"\" srcset=\"https:\/\/fgmdentalgroup.com\/wp-content\/uploads\/2023\/08\/16-scaled.jpg 2560w, https:\/\/fgmdentalgroup.com\/wp-content\/uploads\/2023\/08\/16-300x136.jpg 300w, https:\/\/fgmdentalgroup.com\/wp-content\/uploads\/2023\/08\/16-150x68.jpg 150w\" sizes=\"(max-width: 1080px) 100vw, 1080px\" \/><\/p>\n<p>16 | Demarcaci\u00f3n de las \u00e1reas de brillo y sombra de los dientes.<\/p>\n<p><img loading=\"lazy\" decoding=\"async\" class=\"alignnone wp-image-433677\" src=\"https:\/\/fgmdentalgroup.com\/wp-content\/uploads\/2023\/08\/17-scaled.jpg\" alt=\"17 | In\u00edcio do acabamento com ponta diamantada 2200F. \" width=\"1080\" height=\"683\" title=\"\" srcset=\"https:\/\/fgmdentalgroup.com\/wp-content\/uploads\/2023\/08\/17-scaled.jpg 2560w, https:\/\/fgmdentalgroup.com\/wp-content\/uploads\/2023\/08\/17-300x190.jpg 300w, https:\/\/fgmdentalgroup.com\/wp-content\/uploads\/2023\/08\/17-150x95.jpg 150w\" sizes=\"(max-width: 1080px) 100vw, 1080px\" \/><\/p>\n<p>17 | Inicio del acabado con punta diamantada 2200F.<\/p>\n<p><img loading=\"lazy\" decoding=\"async\" class=\"alignnone wp-image-433691\" src=\"https:\/\/fgmdentalgroup.com\/wp-content\/uploads\/2023\/08\/18-scaled.jpg\" alt=\"18 | Polimento fase 1.\" width=\"1080\" height=\"871\" title=\"\" srcset=\"https:\/\/fgmdentalgroup.com\/wp-content\/uploads\/2023\/08\/18-scaled.jpg 2560w, https:\/\/fgmdentalgroup.com\/wp-content\/uploads\/2023\/08\/18-300x242.jpg 300w, https:\/\/fgmdentalgroup.com\/wp-content\/uploads\/2023\/08\/18-150x121.jpg 150w\" sizes=\"(max-width: 1080px) 100vw, 1080px\" \/><\/p>\n<p>18 | Pulido fase 1.<\/p>\n<p><img loading=\"lazy\" decoding=\"async\" class=\"alignnone wp-image-433705\" src=\"https:\/\/fgmdentalgroup.com\/wp-content\/uploads\/2023\/08\/19-scaled.jpg\" alt=\"19 | Polimento fase 2. \" width=\"1080\" height=\"881\" title=\"\" srcset=\"https:\/\/fgmdentalgroup.com\/wp-content\/uploads\/2023\/08\/19-scaled.jpg 2560w, https:\/\/fgmdentalgroup.com\/wp-content\/uploads\/2023\/08\/19-300x245.jpg 300w, https:\/\/fgmdentalgroup.com\/wp-content\/uploads\/2023\/08\/19-150x122.jpg 150w\" sizes=\"(max-width: 1080px) 100vw, 1080px\" \/><\/p>\n<p>19 | Pulido fase 2.<\/p>\n<p><img loading=\"lazy\" decoding=\"async\" class=\"alignnone wp-image-433719\" src=\"https:\/\/fgmdentalgroup.com\/wp-content\/uploads\/2023\/08\/20-scaled.jpg\" alt=\"20 | P\u00f3s primeira fase de acabamento e polimento. \" width=\"1080\" height=\"720\" title=\"\" srcset=\"https:\/\/fgmdentalgroup.com\/wp-content\/uploads\/2023\/08\/20-scaled.jpg 2560w, https:\/\/fgmdentalgroup.com\/wp-content\/uploads\/2023\/08\/20-300x200.jpg 300w, https:\/\/fgmdentalgroup.com\/wp-content\/uploads\/2023\/08\/20-150x100.jpg 150w\" sizes=\"(max-width: 1080px) 100vw, 1080px\" \/><\/p>\n<p>20 | Tras primera fase de acabado y pulido.<\/p>\n<p><img loading=\"lazy\" decoding=\"async\" class=\"alignnone wp-image-433733\" src=\"https:\/\/fgmdentalgroup.com\/wp-content\/uploads\/2023\/08\/21-scaled.jpg\" alt=\"21 | Final imediato arcada superior. \" width=\"1080\" height=\"727\" title=\"\" srcset=\"https:\/\/fgmdentalgroup.com\/wp-content\/uploads\/2023\/08\/21-scaled.jpg 2560w, https:\/\/fgmdentalgroup.com\/wp-content\/uploads\/2023\/08\/21-300x202.jpg 300w, https:\/\/fgmdentalgroup.com\/wp-content\/uploads\/2023\/08\/21-150x101.jpg 150w\" sizes=\"(max-width: 1080px) 100vw, 1080px\" \/><\/p>\n<p>21 | Final inmediato arcada superior.<\/p>\n<p><img loading=\"lazy\" decoding=\"async\" class=\"alignnone wp-image-433747\" src=\"https:\/\/fgmdentalgroup.com\/wp-content\/uploads\/2023\/08\/22-scaled.jpg\" alt=\"22 | Final Intrabucal\" width=\"1080\" height=\"581\" title=\"\" srcset=\"https:\/\/fgmdentalgroup.com\/wp-content\/uploads\/2023\/08\/22-scaled.jpg 2560w, https:\/\/fgmdentalgroup.com\/wp-content\/uploads\/2023\/08\/22-300x162.jpg 300w, https:\/\/fgmdentalgroup.com\/wp-content\/uploads\/2023\/08\/22-150x81.jpg 150w\" sizes=\"(max-width: 1080px) 100vw, 1080px\" \/><\/p>\n<p>22 | Final Intrabucal.<\/p>\n<p><img loading=\"lazy\" decoding=\"async\" class=\"alignnone wp-image-433761\" src=\"https:\/\/fgmdentalgroup.com\/wp-content\/uploads\/2023\/08\/24-scaled.jpg\" alt=\"23 | In\u00edcio da constru\u00e7\u00e3o dos inferiores. \" width=\"1080\" height=\"720\" title=\"\" srcset=\"https:\/\/fgmdentalgroup.com\/wp-content\/uploads\/2023\/08\/24-scaled.jpg 2560w, https:\/\/fgmdentalgroup.com\/wp-content\/uploads\/2023\/08\/24-300x200.jpg 300w, https:\/\/fgmdentalgroup.com\/wp-content\/uploads\/2023\/08\/24-150x100.jpg 150w\" sizes=\"(max-width: 1080px) 100vw, 1080px\" \/><\/p>\n<p>23 | Inicio de la construcci\u00f3n de los inferiores<\/p>\n<p><img loading=\"lazy\" decoding=\"async\" class=\"alignnone wp-image-433915\" src=\"https:\/\/fgmdentalgroup.com\/wp-content\/uploads\/2023\/08\/Resultado-final_-scaled.jpeg\" alt=\"24 | Foto do sorriso final.\" width=\"1080\" height=\"631\" title=\"\" srcset=\"https:\/\/fgmdentalgroup.com\/wp-content\/uploads\/2023\/08\/Resultado-final_-scaled.jpeg 2560w, https:\/\/fgmdentalgroup.com\/wp-content\/uploads\/2023\/08\/Resultado-final_-300x175.jpeg 300w, https:\/\/fgmdentalgroup.com\/wp-content\/uploads\/2023\/08\/Resultado-final_-150x88.jpeg 150w\" sizes=\"(max-width: 1080px) 100vw, 1080px\" \/><\/p>\n<p>24 | Foto de la sonrisa final.<\/p>\n<p>\u00a1<a href=\"https:\/\/youtu.be\/_ox2OPSBegQ?si=EK3HYB69A-L1wgzk\" target=\"_blank\" rel=\"noopener noreferrer nofollow\">Haga clic aqu\u00ed<\/a> y consulte una gu\u00eda paso a paso de Vittra APS!<\/p>\n<h3>Productos utilizados<\/h3>\n<p><a href=\"https:\/\/fgmdentalgroup.com\/latam\/productos-estetica\/vittra-aps\/\" target=\"_blank\" rel=\"noopener\"><img loading=\"lazy\" decoding=\"async\" class=\"alignnone wp-image-435444\" src=\"https:\/\/fgmdentalgroup.com\/wp-content\/uploads\/2023\/10\/Seringa_Vittra_APS_dentina.png\" alt=\"\" width=\"400\" height=\"117\" title=\"\" srcset=\"https:\/\/fgmdentalgroup.com\/wp-content\/uploads\/2023\/10\/Seringa_Vittra_APS_dentina.png 1000w, https:\/\/fgmdentalgroup.com\/wp-content\/uploads\/2023\/10\/Seringa_Vittra_APS_dentina-300x88.png 300w, https:\/\/fgmdentalgroup.com\/wp-content\/uploads\/2023\/10\/Seringa_Vittra_APS_dentina-150x44.png 150w\" sizes=\"(max-width: 400px) 100vw, 400px\" \/><\/a><\/p>\n<p><a href=\"https:\/\/fgmdentalgroup.com\/latam\/productos-estetica\/condac-37\/\" target=\"_blank\" rel=\"noopener\"><img loading=\"lazy\" decoding=\"async\" class=\"alignnone wp-image-435251\" src=\"https:\/\/fgmdentalgroup.com\/wp-content\/uploads\/2024\/01\/SERINGA_CONDAC_37_TRANSP.png\" alt=\"Condac\" width=\"400\" height=\"114\" title=\"\" srcset=\"https:\/\/fgmdentalgroup.com\/wp-content\/uploads\/2024\/01\/SERINGA_CONDAC_37_TRANSP.png 1000w, https:\/\/fgmdentalgroup.com\/wp-content\/uploads\/2024\/01\/SERINGA_CONDAC_37_TRANSP-300x86.png 300w, https:\/\/fgmdentalgroup.com\/wp-content\/uploads\/2024\/01\/SERINGA_CONDAC_37_TRANSP-150x43.png 150w\" sizes=\"(max-width: 400px) 100vw, 400px\" \/><\/a>\u00a0 \u00a0 \u00a0 \u00a0 \u00a0 \u00a0 \u00a0 \u00a0<a href=\"https:\/\/fgmdentalgroup.com\/latam\/productos-estetica\/ambar-universal-aps\/\" target=\"_blank\" rel=\"noopener\"><img loading=\"lazy\" decoding=\"async\" class=\"alignnone wp-image-435195\" src=\"https:\/\/fgmdentalgroup.com\/wp-content\/uploads\/2024\/01\/Frasco_Ambar_APS.png\" alt=\"Ambar\" width=\"77\" height=\"204\" title=\"\" srcset=\"https:\/\/fgmdentalgroup.com\/wp-content\/uploads\/2024\/01\/Frasco_Ambar_APS.png 377w, https:\/\/fgmdentalgroup.com\/wp-content\/uploads\/2024\/01\/Frasco_Ambar_APS-113x300.png 113w, https:\/\/fgmdentalgroup.com\/wp-content\/uploads\/2024\/01\/Frasco_Ambar_APS-150x398.png 150w\" sizes=\"(max-width: 77px) 100vw, 77px\" \/><\/a><\/p>\n","protected":false},"excerpt":{"rendered":"<p>En este caso cl\u00ednico presentamos\u00a0un paciente con carillas directas para rehabilitaci\u00f3n completa sobre dientes severamente desgastados por el bruxismo. Autor:\u00a0Dr. Pedro Alexandre Paciente del sexo masculino, 40 a\u00f1os de edad. Queja principal: El paciente se present\u00f3 a la cl\u00ednica con grandes desgastes en ambas arcos, por severo bruxismo, por el tratamiento ortod\u00f3ntico, realizado para corregir [&hellip;]<\/p>\n","protected":false},"author":17,"featured_media":433449,"comment_status":"closed","ping_status":"closed","sticky":false,"template":"","format":"standard","meta":{"footnotes":""},"categories":[1178,1497],"tags":[659,1269],"produto-relacionado":[487,1645],"categoria-post":[26],"linha-de-atuacao":[478],"class_list":["post-440357","post","type-post","status-publish","format-standard","has-post-thumbnail","hentry","category-post","category-posts-latam","tag-casos-clinicos-latam","tag-estetica-latam","produto-relacionado-ambar-universal-aps-latam","produto-relacionado-condac-37-latam","categoria-post-casos-clinicos","linha-de-atuacao-produto-estetica-latam"],"_links":{"self":[{"href":"https:\/\/fgmdentalgroup.com\/latam\/wp-json\/wp\/v2\/posts\/440357"}],"collection":[{"href":"https:\/\/fgmdentalgroup.com\/latam\/wp-json\/wp\/v2\/posts"}],"about":[{"href":"https:\/\/fgmdentalgroup.com\/latam\/wp-json\/wp\/v2\/types\/post"}],"author":[{"embeddable":true,"href":"https:\/\/fgmdentalgroup.com\/latam\/wp-json\/wp\/v2\/users\/17"}],"replies":[{"embeddable":true,"href":"https:\/\/fgmdentalgroup.com\/latam\/wp-json\/wp\/v2\/comments?post=440357"}],"version-history":[{"count":0,"href":"https:\/\/fgmdentalgroup.com\/latam\/wp-json\/wp\/v2\/posts\/440357\/revisions"}],"wp:featuredmedia":[{"embeddable":true,"href":"https:\/\/fgmdentalgroup.com\/latam\/wp-json\/wp\/v2\/media\/433449"}],"wp:attachment":[{"href":"https:\/\/fgmdentalgroup.com\/latam\/wp-json\/wp\/v2\/media?parent=440357"}],"wp:term":[{"taxonomy":"category","embeddable":true,"href":"https:\/\/fgmdentalgroup.com\/latam\/wp-json\/wp\/v2\/categories?post=440357"},{"taxonomy":"post_tag","embeddable":true,"href":"https:\/\/fgmdentalgroup.com\/latam\/wp-json\/wp\/v2\/tags?post=440357"},{"taxonomy":"produto-relacionado","embeddable":true,"href":"https:\/\/fgmdentalgroup.com\/latam\/wp-json\/wp\/v2\/produto-relacionado?post=440357"},{"taxonomy":"categoria-post","embeddable":true,"href":"https:\/\/fgmdentalgroup.com\/latam\/wp-json\/wp\/v2\/categoria-post?post=440357"},{"taxonomy":"linha-de-atuacao","embeddable":true,"href":"https:\/\/fgmdentalgroup.com\/latam\/wp-json\/wp\/v2\/linha-de-atuacao?post=440357"}],"curies":[{"name":"wp","href":"https:\/\/api.w.org\/{rel}","templated":true}]}}