{"id":436525,"date":"2022-04-19T14:33:19","date_gmt":"2022-04-19T17:33:19","guid":{"rendered":"https:\/\/fgmdentalgroup.com\/blog\/\/cierre-de-diastemas-con-vittra-aps-unique\/"},"modified":"2023-12-15T11:47:57","modified_gmt":"2023-12-15T14:47:57","slug":"cierre-de-diastemas-con-vittra-aps-unique","status":"publish","type":"post","link":"https:\/\/fgmdentalgroup.com\/latam\/blog\/posts\/cierre-de-diastemas-con-vittra-aps-unique\/","title":{"rendered":"Cierre de diastemas con Vittra APS Unique"},"content":{"rendered":"<p><em>Autor: Dr. Carlos Eduardo Agostini Balbinot<\/em><\/p>\n<p>Paciente de sexo masculino, 17 a\u00f1os de edad.<\/p>\n<h3>QUEJA PRINCIPAL<\/h3>\n<p>Insatisfacci\u00f3n con la sonrisa debido a la presencia de un diastema entre los incisivos centrales superiores.<\/p>\n<h3>EVALUACI\u00d3N INICIAL<\/h3>\n<p>En el examen cl\u00ednico inicial, no se observ\u00f3 ninguna lesi\u00f3n de caries y el paciente presentaba una salud periodontal perfecta. Se observ\u00f3 la presencia de un diastema de 2 mm entre los incisivos centrales superiores, con el incisivo central superior izquierdo ligeramente inclinado en relaci\u00f3n a su eje largo, pero a\u00fan en una situaci\u00f3n favorable para cerrar el diastema. El paciente no ten\u00eda quejas en relaci\u00f3n al color de sus dientes.<\/p>\n<figure id=\"attachment_401701\" aria-describedby=\"caption-attachment-401701\" style=\"width: 1080px\" class=\"wp-caption aligncenter\"><img fetchpriority=\"high\" decoding=\"async\" class=\"size-full wp-image-401691\" src=\"https:\/\/fgmdentalgroup.com\/wp-content\/uploads\/2023\/04\/Fig-1-Aspecto-inicial-do-sorriso.jpg\" alt=\"Fig 1 Aspecto inicial do sorriso\" width=\"1080\" height=\"583\" title=\"\" srcset=\"https:\/\/fgmdentalgroup.com\/wp-content\/uploads\/2023\/04\/Fig-1-Aspecto-inicial-do-sorriso.jpg 1080w, https:\/\/fgmdentalgroup.com\/wp-content\/uploads\/2023\/04\/Fig-1-Aspecto-inicial-do-sorriso-300x162.jpg 300w\" sizes=\"(max-width: 1080px) 100vw, 1080px\" \/><figcaption id=\"caption-attachment-401701\" class=\"wp-caption-text\">Figura 1. Aspecto inicial de la sonrisa<\/figcaption><\/figure>\n<p>&nbsp;<\/p>\n<figure id=\"attachment_401715\" aria-describedby=\"caption-attachment-401715\" style=\"width: 1080px\" class=\"wp-caption aligncenter\"><img decoding=\"async\" class=\"size-full wp-image-401705\" src=\"https:\/\/fgmdentalgroup.com\/wp-content\/uploads\/2023\/04\/Fig-2-Aspecto-inicial-intra-oral-com-contraste.jpg\" alt=\"Fig 2 Aspecto inicial intra-oral com contraste\" width=\"1080\" height=\"573\" title=\"\" srcset=\"https:\/\/fgmdentalgroup.com\/wp-content\/uploads\/2023\/04\/Fig-2-Aspecto-inicial-intra-oral-com-contraste.jpg 1080w, https:\/\/fgmdentalgroup.com\/wp-content\/uploads\/2023\/04\/Fig-2-Aspecto-inicial-intra-oral-com-contraste-300x159.jpg 300w\" sizes=\"(max-width: 1080px) 100vw, 1080px\" \/><figcaption id=\"caption-attachment-401715\" class=\"wp-caption-text\">Figura 2. Aspecto inicial intraoral con contraste<\/figcaption><\/figure>\n<p>&nbsp;<\/p>\n<h3>TRATAMIENTO REALIZADO<\/h3>\n<p>Se realiz\u00f3 profilaxis con piedra p\u00f3mez y se realiz\u00f3 una prueba restauradora con la resina compuesta unicrom\u00e1tica Vittra APS Unique, sin aislamiento del campo operatorio y sin realizar un procedimiento adhesivo previo, para que el paciente pudiera evaluar el resultado deseado, tanto en cuanto al cambio de forma como al color de las restauraciones. Despu\u00e9s de que el paciente estuvo de acuerdo con el tratamiento propuesto, se realiz\u00f3 un aislamiento absoluto modificado del campo operatorio, se realiz\u00f3 un procedimiento adhesivo con acondicionamiento \u00e1cido total del diente 21 con \u00e1cido fosf\u00f3rico al 37% (Condac 37), se aplic\u00f3 el sistema adhesivo Ambar APS, se fotopolimeriz\u00f3 durante 10 segundos y se insert\u00f3 la resina compuesta Vittra APS Unique.<\/p>\n<figure id=\"attachment_401729\" aria-describedby=\"caption-attachment-401729\" style=\"width: 1080px\" class=\"wp-caption aligncenter\"><img decoding=\"async\" class=\"size-full wp-image-401719\" src=\"https:\/\/fgmdentalgroup.com\/wp-content\/uploads\/2023\/04\/Fig-3-Isolamento-absoluto-modificado-do-campo-operatorio.jpg\" alt=\"Fig 3 Isolamento absoluto modificado do campo operat\u00f3rio\" width=\"1080\" height=\"542\" title=\"\" srcset=\"https:\/\/fgmdentalgroup.com\/wp-content\/uploads\/2023\/04\/Fig-3-Isolamento-absoluto-modificado-do-campo-operatorio.jpg 1080w, https:\/\/fgmdentalgroup.com\/wp-content\/uploads\/2023\/04\/Fig-3-Isolamento-absoluto-modificado-do-campo-operatorio-300x151.jpg 300w\" sizes=\"(max-width: 1080px) 100vw, 1080px\" \/><figcaption id=\"caption-attachment-401729\" class=\"wp-caption-text\">Figura 3. Aislamiento absoluto modificado del campo operatorio<\/figcaption><\/figure>\n<p>&nbsp;<\/p>\n<figure id=\"attachment_401743\" aria-describedby=\"caption-attachment-401743\" style=\"width: 1080px\" class=\"wp-caption aligncenter\"><img loading=\"lazy\" decoding=\"async\" class=\"size-full wp-image-401733\" src=\"https:\/\/fgmdentalgroup.com\/wp-content\/uploads\/2023\/04\/Fig-4-Protecao-dos-dentes-adjacentes-com-TEFLON-para-realizacao-de-procedimento-adesivo-no-dente-21.jpg\" alt=\"Fig 4 Prote\u00e7\u00e3o dos dentes adjacentes com TEFLON para realiza\u00e7\u00e3o de procedimento adesivo no dente 21\" width=\"1080\" height=\"532\" title=\"\" srcset=\"https:\/\/fgmdentalgroup.com\/wp-content\/uploads\/2023\/04\/Fig-4-Protecao-dos-dentes-adjacentes-com-TEFLON-para-realizacao-de-procedimento-adesivo-no-dente-21.jpg 1080w, https:\/\/fgmdentalgroup.com\/wp-content\/uploads\/2023\/04\/Fig-4-Protecao-dos-dentes-adjacentes-com-TEFLON-para-realizacao-de-procedimento-adesivo-no-dente-21-300x148.jpg 300w\" sizes=\"(max-width: 1080px) 100vw, 1080px\" \/><figcaption id=\"caption-attachment-401743\" class=\"wp-caption-text\">Figura 4. Protecci\u00f3n de los dientes adyacentes con TEFL\u00d3N para realizar el procedimiento adhesivo en el diente 21<\/figcaption><\/figure>\n<p>&nbsp;<\/p>\n<figure id=\"attachment_401757\" aria-describedby=\"caption-attachment-401757\" style=\"width: 1080px\" class=\"wp-caption aligncenter\"><img loading=\"lazy\" decoding=\"async\" class=\"size-full wp-image-401747\" src=\"https:\/\/fgmdentalgroup.com\/wp-content\/uploads\/2023\/04\/Fig-5-Resina-composta-Vittra-APS-Unique-antes-da-fotopolimerizacao.jpg\" alt=\"Fig 5 Resina composta Vittra APS Unique antes da fotopolimeriza\u00e7\u00e3o.\" width=\"1080\" height=\"516\" title=\"\" srcset=\"https:\/\/fgmdentalgroup.com\/wp-content\/uploads\/2023\/04\/Fig-5-Resina-composta-Vittra-APS-Unique-antes-da-fotopolimerizacao.jpg 1080w, https:\/\/fgmdentalgroup.com\/wp-content\/uploads\/2023\/04\/Fig-5-Resina-composta-Vittra-APS-Unique-antes-da-fotopolimerizacao-300x143.jpg 300w\" sizes=\"(max-width: 1080px) 100vw, 1080px\" \/><figcaption id=\"caption-attachment-401757\" class=\"wp-caption-text\">Figura 5. Resina compuesta Vittra APS Unique antes de la fotopolimerizaci\u00f3n.<\/figcaption><\/figure>\n<p>&nbsp;<\/p>\n<figure id=\"attachment_401771\" aria-describedby=\"caption-attachment-401771\" style=\"width: 1080px\" class=\"wp-caption aligncenter\"><img loading=\"lazy\" decoding=\"async\" class=\"size-full wp-image-401761\" src=\"https:\/\/fgmdentalgroup.com\/wp-content\/uploads\/2023\/04\/Fig-6-Resina-composta-Vittra-APS-Unique-apos-a-fotopolimerizacao.jpg\" alt=\"Fig 6 Resina composta Vittra APS Unique ap\u00f3s a fotopolimeriza\u00e7\u00e3o\" width=\"1080\" height=\"503\" title=\"\" srcset=\"https:\/\/fgmdentalgroup.com\/wp-content\/uploads\/2023\/04\/Fig-6-Resina-composta-Vittra-APS-Unique-apos-a-fotopolimerizacao.jpg 1080w, https:\/\/fgmdentalgroup.com\/wp-content\/uploads\/2023\/04\/Fig-6-Resina-composta-Vittra-APS-Unique-apos-a-fotopolimerizacao-300x140.jpg 300w\" sizes=\"(max-width: 1080px) 100vw, 1080px\" \/><figcaption id=\"caption-attachment-401771\" class=\"wp-caption-text\">Figura 6. Resina compuesta Vittra APS Unique despu\u00e9s de la fotopolimerizaci\u00f3n.<\/figcaption><\/figure>\n<p>&nbsp;<\/p>\n<figure id=\"attachment_401785\" aria-describedby=\"caption-attachment-401785\" style=\"width: 1080px\" class=\"wp-caption aligncenter\"><img loading=\"lazy\" decoding=\"async\" class=\"size-full wp-image-401775\" src=\"https:\/\/fgmdentalgroup.com\/wp-content\/uploads\/2023\/04\/Fig-7-Restauracao-do-dente-21-apos-acabamento-com-disco-de-lixa-Diamond-Pro.jpg\" alt=\"Fig 7 Restaura\u00e7\u00e3o do dente 21 ap\u00f3s acabamento com disco de lixa Diamond Pro\" width=\"1080\" height=\"504\" title=\"\" srcset=\"https:\/\/fgmdentalgroup.com\/wp-content\/uploads\/2023\/04\/Fig-7-Restauracao-do-dente-21-apos-acabamento-com-disco-de-lixa-Diamond-Pro.jpg 1080w, https:\/\/fgmdentalgroup.com\/wp-content\/uploads\/2023\/04\/Fig-7-Restauracao-do-dente-21-apos-acabamento-com-disco-de-lixa-Diamond-Pro-300x140.jpg 300w\" sizes=\"(max-width: 1080px) 100vw, 1080px\" \/><figcaption id=\"caption-attachment-401785\" class=\"wp-caption-text\">Figura 7. Restauraci\u00f3n del diente 21 despu\u00e9s del acabado con disco de lija Diamond Pro.<\/figcaption><\/figure>\n<p>&nbsp;<\/p>\n<figure id=\"attachment_401799\" aria-describedby=\"caption-attachment-401799\" style=\"width: 1080px\" class=\"wp-caption aligncenter\"><img loading=\"lazy\" decoding=\"async\" class=\"size-full wp-image-401789\" src=\"https:\/\/fgmdentalgroup.com\/wp-content\/uploads\/2023\/04\/Fig-8-Dente-11-apos-lavagem-do-acido-fosforico-37-Condac-37-para-posterior-aplicacao-sistema-adesivo-Ambar-APS.jpg\" alt=\"Fig 8 Dente 11 ap\u00f3s lavagem do \u00e1cido fosf\u00f3rico 37% Condac 37 para posterior aplica\u00e7\u00e3o sistema adesivo Ambar APS\" width=\"1080\" height=\"510\" title=\"\" srcset=\"https:\/\/fgmdentalgroup.com\/wp-content\/uploads\/2023\/04\/Fig-8-Dente-11-apos-lavagem-do-acido-fosforico-37-Condac-37-para-posterior-aplicacao-sistema-adesivo-Ambar-APS.jpg 1080w, https:\/\/fgmdentalgroup.com\/wp-content\/uploads\/2023\/04\/Fig-8-Dente-11-apos-lavagem-do-acido-fosforico-37-Condac-37-para-posterior-aplicacao-sistema-adesivo-Ambar-APS-300x142.jpg 300w\" sizes=\"(max-width: 1080px) 100vw, 1080px\" \/><figcaption id=\"caption-attachment-401799\" class=\"wp-caption-text\">Figura 8. Diente 11 despu\u00e9s de enjuagar con \u00e1cido fosf\u00f3rico al 37% Condac 37 para la posterior aplicaci\u00f3n del sistema adhesivo Ambar APS.<\/figcaption><\/figure>\n<p>&nbsp;<\/p>\n<figure id=\"attachment_401813\" aria-describedby=\"caption-attachment-401813\" style=\"width: 1080px\" class=\"wp-caption aligncenter\"><img loading=\"lazy\" decoding=\"async\" class=\"size-full wp-image-401803\" src=\"https:\/\/fgmdentalgroup.com\/wp-content\/uploads\/2023\/04\/Fig-9-Final-imediato-antes-da-remocao-do-isolamento-absoluto-modificado.jpg\" alt=\"Fig 9 Final imediato antes da remo\u00e7\u00e3o do isolamento absoluto modificado\" width=\"1080\" height=\"559\" title=\"\" srcset=\"https:\/\/fgmdentalgroup.com\/wp-content\/uploads\/2023\/04\/Fig-9-Final-imediato-antes-da-remocao-do-isolamento-absoluto-modificado.jpg 1080w, https:\/\/fgmdentalgroup.com\/wp-content\/uploads\/2023\/04\/Fig-9-Final-imediato-antes-da-remocao-do-isolamento-absoluto-modificado-300x155.jpg 300w\" sizes=\"(max-width: 1080px) 100vw, 1080px\" \/><figcaption id=\"caption-attachment-401813\" class=\"wp-caption-text\">Figura 9. Resultado final inmediato antes de la remoci\u00f3n del aislamiento absoluto modificado.<\/figcaption><\/figure>\n<p>&nbsp;<\/p>\n<p>Despu\u00e9s de la fotopolimerizaci\u00f3n del \u00faltimo incremento de resina utilizado en el diente 21, se realiz\u00f3 el acabado con discos de lija Diamond Pro y el pulido con gomas abrasivas y disco de fieltro Diamond Flex y pasta de pulido Diamond Excel. Finalizada la restauraci\u00f3n del diente 21, se realiz\u00f3 la restauraci\u00f3n del diente 11 siguiendo la misma secuencia t\u00e9cnica y utilizando una cinta matriz de poli\u00e9ster tensionada para obtener una superficie proximal lisa y un contacto adecuado con el diente 21. Despu\u00e9s de finalizar la restauraci\u00f3n del diente 11, se llevaron a cabo los procedimientos de acabado y pulido, y se program\u00f3 una cita de seguimiento para la evaluaci\u00f3n en 7 d\u00edas.<\/p>\n<figure id=\"attachment_401827\" aria-describedby=\"caption-attachment-401827\" style=\"width: 1080px\" class=\"wp-caption aligncenter\"><img loading=\"lazy\" decoding=\"async\" class=\"size-full wp-image-401817\" src=\"https:\/\/fgmdentalgroup.com\/wp-content\/uploads\/2023\/04\/Fig-10-Final-imediato-com-contraste.jpg\" alt=\"Fig 10 Final imediato com contraste\" width=\"1080\" height=\"557\" title=\"\" srcset=\"https:\/\/fgmdentalgroup.com\/wp-content\/uploads\/2023\/04\/Fig-10-Final-imediato-com-contraste.jpg 1080w, https:\/\/fgmdentalgroup.com\/wp-content\/uploads\/2023\/04\/Fig-10-Final-imediato-com-contraste-300x155.jpg 300w\" sizes=\"(max-width: 1080px) 100vw, 1080px\" \/><figcaption id=\"caption-attachment-401827\" class=\"wp-caption-text\">Figura 10. Resultado final inmediato con contraste.<\/figcaption><\/figure>\n<p>&nbsp;<\/p>\n<figure id=\"attachment_401841\" aria-describedby=\"caption-attachment-401841\" style=\"width: 1080px\" class=\"wp-caption aligncenter\"><img loading=\"lazy\" decoding=\"async\" class=\"size-full wp-image-401831\" src=\"https:\/\/fgmdentalgroup.com\/wp-content\/uploads\/2023\/04\/Fig-11-Aspecto-final-apos-7-dias-com-contraste.jpg\" alt=\"Fig 11 Aspecto final ap\u00f3s 7 dias com contraste\" width=\"1080\" height=\"553\" title=\"\" srcset=\"https:\/\/fgmdentalgroup.com\/wp-content\/uploads\/2023\/04\/Fig-11-Aspecto-final-apos-7-dias-com-contraste.jpg 1080w, https:\/\/fgmdentalgroup.com\/wp-content\/uploads\/2023\/04\/Fig-11-Aspecto-final-apos-7-dias-com-contraste-300x154.jpg 300w\" sizes=\"(max-width: 1080px) 100vw, 1080px\" \/><figcaption id=\"caption-attachment-401841\" class=\"wp-caption-text\">Figura 11. Aspecto final despu\u00e9s de 7 d\u00edas con contraste.<\/figcaption><\/figure>\n<p>&nbsp;<\/p>\n<figure id=\"attachment_401855\" aria-describedby=\"caption-attachment-401855\" style=\"width: 1080px\" class=\"wp-caption aligncenter\"><img loading=\"lazy\" decoding=\"async\" class=\"size-full wp-image-401845\" src=\"https:\/\/fgmdentalgroup.com\/wp-content\/uploads\/2023\/04\/Fig-12-Aspecto-final-do-sorriso.jpg\" alt=\"Fig 12 Aspecto final do sorriso\" width=\"1080\" height=\"636\" title=\"\" srcset=\"https:\/\/fgmdentalgroup.com\/wp-content\/uploads\/2023\/04\/Fig-12-Aspecto-final-do-sorriso.jpg 1080w, https:\/\/fgmdentalgroup.com\/wp-content\/uploads\/2023\/04\/Fig-12-Aspecto-final-do-sorriso-300x177.jpg 300w\" sizes=\"(max-width: 1080px) 100vw, 1080px\" \/><figcaption id=\"caption-attachment-401855\" class=\"wp-caption-text\">Figura 12. Aspecto final de la sonrisa.<\/figcaption><\/figure>\n<div id=\"gtx-trans\" style=\"position: absolute; left: 105px; top: 5387.59px;\">\n<div class=\"gtx-trans-icon\"><\/div>\n<\/div>\n","protected":false},"excerpt":{"rendered":"<p>Autor: Dr. Carlos Eduardo Agostini Balbinot Paciente de sexo masculino, 17 a\u00f1os de edad. QUEJA PRINCIPAL Insatisfacci\u00f3n con la sonrisa debido a la presencia de un diastema entre los incisivos centrales superiores. EVALUACI\u00d3N INICIAL En el examen cl\u00ednico inicial, no se observ\u00f3 ninguna lesi\u00f3n de caries y el paciente presentaba una salud periodontal perfecta. Se [&hellip;]<\/p>\n","protected":false},"author":15,"featured_media":401715,"comment_status":"closed","ping_status":"closed","sticky":false,"template":"","format":"standard","meta":{"footnotes":""},"categories":[1178],"tags":[],"produto-relacionado":[],"categoria-post":[26],"linha-de-atuacao":[478],"class_list":["post-436525","post","type-post","status-publish","format-standard","has-post-thumbnail","hentry","category-post","categoria-post-casos-clinicos","linha-de-atuacao-produto-estetica-latam"],"_links":{"self":[{"href":"https:\/\/fgmdentalgroup.com\/latam\/wp-json\/wp\/v2\/posts\/436525"}],"collection":[{"href":"https:\/\/fgmdentalgroup.com\/latam\/wp-json\/wp\/v2\/posts"}],"about":[{"href":"https:\/\/fgmdentalgroup.com\/latam\/wp-json\/wp\/v2\/types\/post"}],"author":[{"embeddable":true,"href":"https:\/\/fgmdentalgroup.com\/latam\/wp-json\/wp\/v2\/users\/15"}],"replies":[{"embeddable":true,"href":"https:\/\/fgmdentalgroup.com\/latam\/wp-json\/wp\/v2\/comments?post=436525"}],"version-history":[{"count":0,"href":"https:\/\/fgmdentalgroup.com\/latam\/wp-json\/wp\/v2\/posts\/436525\/revisions"}],"wp:featuredmedia":[{"embeddable":true,"href":"https:\/\/fgmdentalgroup.com\/latam\/wp-json\/wp\/v2\/media\/401715"}],"wp:attachment":[{"href":"https:\/\/fgmdentalgroup.com\/latam\/wp-json\/wp\/v2\/media?parent=436525"}],"wp:term":[{"taxonomy":"category","embeddable":true,"href":"https:\/\/fgmdentalgroup.com\/latam\/wp-json\/wp\/v2\/categories?post=436525"},{"taxonomy":"post_tag","embeddable":true,"href":"https:\/\/fgmdentalgroup.com\/latam\/wp-json\/wp\/v2\/tags?post=436525"},{"taxonomy":"produto-relacionado","embeddable":true,"href":"https:\/\/fgmdentalgroup.com\/latam\/wp-json\/wp\/v2\/produto-relacionado?post=436525"},{"taxonomy":"categoria-post","embeddable":true,"href":"https:\/\/fgmdentalgroup.com\/latam\/wp-json\/wp\/v2\/categoria-post?post=436525"},{"taxonomy":"linha-de-atuacao","embeddable":true,"href":"https:\/\/fgmdentalgroup.com\/latam\/wp-json\/wp\/v2\/linha-de-atuacao?post=436525"}],"curies":[{"name":"wp","href":"https:\/\/api.w.org\/{rel}","templated":true}]}}