{"id":434797,"date":"2021-03-18T11:08:00","date_gmt":"2021-03-18T14:08:00","guid":{"rendered":"https:\/\/fgmdentalgroup.com\/blog\/\/protocolo-inferior-con-implantes-he\/"},"modified":"2023-12-15T11:40:59","modified_gmt":"2023-12-15T14:40:59","slug":"protocolo-inferior-con-implantes-he","status":"publish","type":"post","link":"https:\/\/fgmdentalgroup.com\/latam\/blog\/posts\/protocolo-inferior-con-implantes-he\/","title":{"rendered":"Protocolo Inferior con Implantes HE"},"content":{"rendered":"<p><em>Autor: Rafael Cury Cecato<\/em><\/p>\n<p>G\u00e9nero y edad del paciente: Femenino, 52 a\u00f1os.<\/p>\n<p><strong>QUEJA PRINCIPAL:<\/strong> La paciente busc\u00f3 atenci\u00f3n odontol\u00f3gica con quejas de movilidad acentuada en los dientes inferiores.<\/p>\n<p><strong>Evaluaci\u00f3n inicial:<\/strong> Despu\u00e9s de una anamnesis detallada, examen cl\u00ednico e im\u00e1genes, se constat\u00f3 la presencia de enfermedad periodontal generalizada en los dientes inferiores, lo que justific\u00f3 la exodoncia de los mismos y la rehabilitaci\u00f3n con la instalaci\u00f3n de implantes.<\/p>\n<h3><\/h3>\n<h3>Tratamiento realizado<\/h3>\n<p>Los dientes afectados fueron extra\u00eddos, el reborde se nivel\u00f3 e se instalaron cuatro implantes de 3.8&#215;11 mm con plataforma HE (4.1 mm). Con un torque de instalaci\u00f3n alto (&gt;45 N.cm), se opt\u00f3 por una carga inmediata con la instalaci\u00f3n de mini pilares Vezza (1 mm) y una pr\u00f3tesis provisional (sin voladizo). Los dientes 38 y 48 se mantuvieron para favorecer no solo la funci\u00f3n durante el per\u00edodo de transici\u00f3n (dientes-pr\u00f3tesis), sino tambi\u00e9n para facilitar el registro final de la dimensi\u00f3n vertical.<\/p>\n<p>Despu\u00e9s de 14 d\u00edas, se retiraron los puntos con un aspecto tisular excelente y notable.<\/p>\n<p>A los 90 d\u00edas, se realiz\u00f3 la impresi\u00f3n de transferencia, las pruebas de los dientes\/estructura (de manera concomitante) y la instalaci\u00f3n de la pieza final, llegando as\u00ed a la sonrisa final y arm\u00f3nica requerida y planificada con la paciente.<\/p>\n<p>Con un seguimiento radiogr\u00e1fico de 5 meses, se observa el excelente aspecto del tejido \u00f3seo periimplantar.<\/p>\n<h3><\/h3>\n<h3>Paso a paso<\/h3>\n<figure id=\"attachment_424010\" aria-describedby=\"caption-attachment-424010\" style=\"width: 1080px\" class=\"wp-caption aligncenter\"><img fetchpriority=\"high\" decoding=\"async\" class=\"wp-image-424000 size-full\" src=\"https:\/\/fgmdentalgroup.com\/wp-content\/uploads\/2021\/03\/Figura-1-Condicao-clinica-e-radiografica-inicial-e1691151986379.jpg\" alt=\"Figura 1 - Condi\u00e7\u00e3o cl\u00ednica e radiogr\u00e1fica inicial\" width=\"1080\" height=\"672\" title=\"\" srcset=\"https:\/\/fgmdentalgroup.com\/wp-content\/uploads\/2021\/03\/Figura-1-Condicao-clinica-e-radiografica-inicial-e1691151986379.jpg 1080w, https:\/\/fgmdentalgroup.com\/wp-content\/uploads\/2021\/03\/Figura-1-Condicao-clinica-e-radiografica-inicial-e1691151986379-300x187.jpg 300w, https:\/\/fgmdentalgroup.com\/wp-content\/uploads\/2021\/03\/Figura-1-Condicao-clinica-e-radiografica-inicial-e1691151986379-150x93.jpg 150w, https:\/\/fgmdentalgroup.com\/wp-content\/uploads\/2021\/03\/Figura-1-Condicao-clinica-e-radiografica-inicial-e1691151986379-768x478.jpg 768w, https:\/\/fgmdentalgroup.com\/wp-content\/uploads\/2021\/03\/Figura-1-Condicao-clinica-e-radiografica-inicial-e1691151986379-1024x637.jpg 1024w\" sizes=\"(max-width: 1080px) 100vw, 1080px\" \/><figcaption id=\"caption-attachment-424010\" class=\"wp-caption-text\">Figura 1 &#8211; Condici\u00f3n cl\u00ednica y radiogr\u00e1fica inicial<\/figcaption><\/figure>\n<p>&nbsp;<\/p>\n<figure id=\"attachment_424024\" aria-describedby=\"caption-attachment-424024\" style=\"width: 1080px\" class=\"wp-caption aligncenter\"><img decoding=\"async\" class=\"wp-image-424014 size-full\" src=\"https:\/\/fgmdentalgroup.com\/wp-content\/uploads\/2021\/03\/Figura-2-Condicao-clinica-e-radiografica-inicial-e1691152011323.jpg\" alt=\"Figura 2 - Condi\u00e7\u00e3o cl\u00ednica e radiogr\u00e1fica inicial\" width=\"1080\" height=\"635\" title=\"\" srcset=\"https:\/\/fgmdentalgroup.com\/wp-content\/uploads\/2021\/03\/Figura-2-Condicao-clinica-e-radiografica-inicial-e1691152011323.jpg 1080w, https:\/\/fgmdentalgroup.com\/wp-content\/uploads\/2021\/03\/Figura-2-Condicao-clinica-e-radiografica-inicial-e1691152011323-300x176.jpg 300w, https:\/\/fgmdentalgroup.com\/wp-content\/uploads\/2021\/03\/Figura-2-Condicao-clinica-e-radiografica-inicial-e1691152011323-150x88.jpg 150w, https:\/\/fgmdentalgroup.com\/wp-content\/uploads\/2021\/03\/Figura-2-Condicao-clinica-e-radiografica-inicial-e1691152011323-768x452.jpg 768w, https:\/\/fgmdentalgroup.com\/wp-content\/uploads\/2021\/03\/Figura-2-Condicao-clinica-e-radiografica-inicial-e1691152011323-1024x602.jpg 1024w\" sizes=\"(max-width: 1080px) 100vw, 1080px\" \/><figcaption id=\"caption-attachment-424024\" class=\"wp-caption-text\">Figura 2 &#8211; Condici\u00f3n cl\u00ednica y radiogr\u00e1fica inicial<\/figcaption><\/figure>\n<p>&nbsp;<\/p>\n<figure id=\"attachment_424038\" aria-describedby=\"caption-attachment-424038\" style=\"width: 1080px\" class=\"wp-caption aligncenter\"><img decoding=\"async\" class=\"wp-image-424028 size-full\" src=\"https:\/\/fgmdentalgroup.com\/wp-content\/uploads\/2021\/03\/Figura-3-Condicao-clinica-e-radiografica-inicial-1-e1691152036281.jpg\" alt=\"Figura 3 - Condi\u00e7\u00e3o cl\u00ednica e radiogr\u00e1fica inicial\" width=\"1080\" height=\"542\" title=\"\" srcset=\"https:\/\/fgmdentalgroup.com\/wp-content\/uploads\/2021\/03\/Figura-3-Condicao-clinica-e-radiografica-inicial-1-e1691152036281.jpg 1080w, https:\/\/fgmdentalgroup.com\/wp-content\/uploads\/2021\/03\/Figura-3-Condicao-clinica-e-radiografica-inicial-1-e1691152036281-300x151.jpg 300w, https:\/\/fgmdentalgroup.com\/wp-content\/uploads\/2021\/03\/Figura-3-Condicao-clinica-e-radiografica-inicial-1-e1691152036281-150x75.jpg 150w, https:\/\/fgmdentalgroup.com\/wp-content\/uploads\/2021\/03\/Figura-3-Condicao-clinica-e-radiografica-inicial-1-e1691152036281-768x385.jpg 768w, https:\/\/fgmdentalgroup.com\/wp-content\/uploads\/2021\/03\/Figura-3-Condicao-clinica-e-radiografica-inicial-1-e1691152036281-1024x514.jpg 1024w\" sizes=\"(max-width: 1080px) 100vw, 1080px\" \/><figcaption id=\"caption-attachment-424038\" class=\"wp-caption-text\">Figura 3 &#8211; Condici\u00f3n cl\u00ednica y radiogr\u00e1fica inicial<\/figcaption><\/figure>\n<p>&nbsp;<\/p>\n<figure id=\"attachment_424052\" aria-describedby=\"caption-attachment-424052\" style=\"width: 1080px\" class=\"wp-caption aligncenter\"><img loading=\"lazy\" decoding=\"async\" class=\"wp-image-424042 size-full\" src=\"https:\/\/fgmdentalgroup.com\/wp-content\/uploads\/2021\/03\/Figura-4-Condicao-clinica-e-radiografica-inicial-e1691152066732.png\" alt=\"Figura 4 - Condi\u00e7\u00e3o cl\u00ednica e radiogr\u00e1fica inicial\" width=\"1080\" height=\"568\" title=\"\" srcset=\"https:\/\/fgmdentalgroup.com\/wp-content\/uploads\/2021\/03\/Figura-4-Condicao-clinica-e-radiografica-inicial-e1691152066732.png 1080w, https:\/\/fgmdentalgroup.com\/wp-content\/uploads\/2021\/03\/Figura-4-Condicao-clinica-e-radiografica-inicial-e1691152066732-300x158.png 300w, https:\/\/fgmdentalgroup.com\/wp-content\/uploads\/2021\/03\/Figura-4-Condicao-clinica-e-radiografica-inicial-e1691152066732-150x79.png 150w, https:\/\/fgmdentalgroup.com\/wp-content\/uploads\/2021\/03\/Figura-4-Condicao-clinica-e-radiografica-inicial-e1691152066732-768x404.png 768w, https:\/\/fgmdentalgroup.com\/wp-content\/uploads\/2021\/03\/Figura-4-Condicao-clinica-e-radiografica-inicial-e1691152066732-1024x539.png 1024w\" sizes=\"(max-width: 1080px) 100vw, 1080px\" \/><figcaption id=\"caption-attachment-424052\" class=\"wp-caption-text\">Figura 4 &#8211; Condici\u00f3n cl\u00ednica y radiogr\u00e1fica inicial<\/figcaption><\/figure>\n<p>&nbsp;<\/p>\n<figure id=\"attachment_424066\" aria-describedby=\"caption-attachment-424066\" style=\"width: 1080px\" class=\"wp-caption aligncenter\"><img loading=\"lazy\" decoding=\"async\" class=\"wp-image-424056 size-full\" src=\"https:\/\/fgmdentalgroup.com\/wp-content\/uploads\/2021\/03\/Figura-5-\u2013Transcirurgico-apos-exodontias-regularizacao-do-rebordo-alveolar-e-instalacao-dos-implantes-e-componentes-proteticos-e1691152089116.jpg\" alt=\"Figura 5 - Transcir\u00fargico ap\u00f3s exodontias regulariza\u00e7\u00e3o do rebordo alveolar e instala\u00e7\u00e3o dos implantes e componentes prot\u00e9ticos\" width=\"1080\" height=\"599\" title=\"\" srcset=\"https:\/\/fgmdentalgroup.com\/wp-content\/uploads\/2021\/03\/Figura-5-\u2013Transcirurgico-apos-exodontias-regularizacao-do-rebordo-alveolar-e-instalacao-dos-implantes-e-componentes-proteticos-e1691152089116.jpg 1080w, https:\/\/fgmdentalgroup.com\/wp-content\/uploads\/2021\/03\/Figura-5-\u2013Transcirurgico-apos-exodontias-regularizacao-do-rebordo-alveolar-e-instalacao-dos-implantes-e-componentes-proteticos-e1691152089116-300x166.jpg 300w, https:\/\/fgmdentalgroup.com\/wp-content\/uploads\/2021\/03\/Figura-5-\u2013Transcirurgico-apos-exodontias-regularizacao-do-rebordo-alveolar-e-instalacao-dos-implantes-e-componentes-proteticos-e1691152089116-150x83.jpg 150w, https:\/\/fgmdentalgroup.com\/wp-content\/uploads\/2021\/03\/Figura-5-\u2013Transcirurgico-apos-exodontias-regularizacao-do-rebordo-alveolar-e-instalacao-dos-implantes-e-componentes-proteticos-e1691152089116-768x426.jpg 768w, https:\/\/fgmdentalgroup.com\/wp-content\/uploads\/2021\/03\/Figura-5-\u2013Transcirurgico-apos-exodontias-regularizacao-do-rebordo-alveolar-e-instalacao-dos-implantes-e-componentes-proteticos-e1691152089116-1024x568.jpg 1024w\" sizes=\"(max-width: 1080px) 100vw, 1080px\" \/><figcaption id=\"caption-attachment-424066\" class=\"wp-caption-text\">Figura 5 &#8211; Postoperatorio tras extracciones, nivelaci\u00f3n del reborde alveolar y colocaci\u00f3n de implantes y componentes prot\u00e9sicos<\/figcaption><\/figure>\n<p>&nbsp;<\/p>\n<figure id=\"attachment_424080\" aria-describedby=\"caption-attachment-424080\" style=\"width: 1080px\" class=\"wp-caption aligncenter\"><img loading=\"lazy\" decoding=\"async\" class=\"wp-image-424070 size-full\" src=\"https:\/\/fgmdentalgroup.com\/wp-content\/uploads\/2021\/03\/Figura-6-\u2013Transcirurgico-apos-exodontias-regularizacao-do-rebordo-alveolar-e-instalacao-dos-implantes-e-componentes-proteticos-e1691152106563.jpg\" alt=\"Figura 6 - Trans cir\u00fargico ap\u00f3s exodontias, regulariza\u00e7\u00e3o do rebordo alveolar e instala\u00e7\u00e3o dos implantes e componentes prot\u00e9ticos\" width=\"1080\" height=\"599\" title=\"\" srcset=\"https:\/\/fgmdentalgroup.com\/wp-content\/uploads\/2021\/03\/Figura-6-\u2013Transcirurgico-apos-exodontias-regularizacao-do-rebordo-alveolar-e-instalacao-dos-implantes-e-componentes-proteticos-e1691152106563.jpg 1080w, https:\/\/fgmdentalgroup.com\/wp-content\/uploads\/2021\/03\/Figura-6-\u2013Transcirurgico-apos-exodontias-regularizacao-do-rebordo-alveolar-e-instalacao-dos-implantes-e-componentes-proteticos-e1691152106563-300x166.jpg 300w, https:\/\/fgmdentalgroup.com\/wp-content\/uploads\/2021\/03\/Figura-6-\u2013Transcirurgico-apos-exodontias-regularizacao-do-rebordo-alveolar-e-instalacao-dos-implantes-e-componentes-proteticos-e1691152106563-150x83.jpg 150w, https:\/\/fgmdentalgroup.com\/wp-content\/uploads\/2021\/03\/Figura-6-\u2013Transcirurgico-apos-exodontias-regularizacao-do-rebordo-alveolar-e-instalacao-dos-implantes-e-componentes-proteticos-e1691152106563-768x426.jpg 768w, https:\/\/fgmdentalgroup.com\/wp-content\/uploads\/2021\/03\/Figura-6-\u2013Transcirurgico-apos-exodontias-regularizacao-do-rebordo-alveolar-e-instalacao-dos-implantes-e-componentes-proteticos-e1691152106563-1024x568.jpg 1024w\" sizes=\"(max-width: 1080px) 100vw, 1080px\" \/><figcaption id=\"caption-attachment-424080\" class=\"wp-caption-text\">Figura 6 &#8211; Postoperatorio tras extracciones, nivelaci\u00f3n del reborde alveolar y colocaci\u00f3n de implantes y componentes prot\u00e9sicos<\/figcaption><\/figure>\n<p>&nbsp;<\/p>\n<figure id=\"attachment_424094\" aria-describedby=\"caption-attachment-424094\" style=\"width: 1080px\" class=\"wp-caption aligncenter\"><img loading=\"lazy\" decoding=\"async\" class=\"wp-image-424084 size-full\" src=\"https:\/\/fgmdentalgroup.com\/wp-content\/uploads\/2021\/03\/Figura-7-\u2013-Protese-provisoria-imediata-\u2013-sem-cantilever-e1691152127926.jpg\" alt=\"Figura 7 \u2013 Pr\u00f3tese provis\u00f3ria imediata \u2013 sem cantilever\" width=\"1080\" height=\"773\" title=\"\" srcset=\"https:\/\/fgmdentalgroup.com\/wp-content\/uploads\/2021\/03\/Figura-7-\u2013-Protese-provisoria-imediata-\u2013-sem-cantilever-e1691152127926.jpg 1080w, https:\/\/fgmdentalgroup.com\/wp-content\/uploads\/2021\/03\/Figura-7-\u2013-Protese-provisoria-imediata-\u2013-sem-cantilever-e1691152127926-300x215.jpg 300w, https:\/\/fgmdentalgroup.com\/wp-content\/uploads\/2021\/03\/Figura-7-\u2013-Protese-provisoria-imediata-\u2013-sem-cantilever-e1691152127926-150x107.jpg 150w, https:\/\/fgmdentalgroup.com\/wp-content\/uploads\/2021\/03\/Figura-7-\u2013-Protese-provisoria-imediata-\u2013-sem-cantilever-e1691152127926-768x550.jpg 768w, https:\/\/fgmdentalgroup.com\/wp-content\/uploads\/2021\/03\/Figura-7-\u2013-Protese-provisoria-imediata-\u2013-sem-cantilever-e1691152127926-1024x733.jpg 1024w\" sizes=\"(max-width: 1080px) 100vw, 1080px\" \/><figcaption id=\"caption-attachment-424094\" class=\"wp-caption-text\">Figura 7 &#8211; Pr\u00f3tesis provisional inmediata &#8211; sin voladizo<\/figcaption><\/figure>\n<p>&nbsp;<\/p>\n<figure id=\"attachment_424108\" aria-describedby=\"caption-attachment-424108\" style=\"width: 1080px\" class=\"wp-caption aligncenter\"><img loading=\"lazy\" decoding=\"async\" class=\"wp-image-424098 size-full\" src=\"https:\/\/fgmdentalgroup.com\/wp-content\/uploads\/2021\/03\/Figura-8-\u2013-Protese-provisoria-imediata-instalada-e1691152145408.jpg\" alt=\"Figura 8 \u2013 Pr\u00f3tese provis\u00f3ria imediata instalada\" width=\"1080\" height=\"576\" title=\"\" srcset=\"https:\/\/fgmdentalgroup.com\/wp-content\/uploads\/2021\/03\/Figura-8-\u2013-Protese-provisoria-imediata-instalada-e1691152145408.jpg 1080w, https:\/\/fgmdentalgroup.com\/wp-content\/uploads\/2021\/03\/Figura-8-\u2013-Protese-provisoria-imediata-instalada-e1691152145408-300x160.jpg 300w, https:\/\/fgmdentalgroup.com\/wp-content\/uploads\/2021\/03\/Figura-8-\u2013-Protese-provisoria-imediata-instalada-e1691152145408-150x80.jpg 150w, https:\/\/fgmdentalgroup.com\/wp-content\/uploads\/2021\/03\/Figura-8-\u2013-Protese-provisoria-imediata-instalada-e1691152145408-768x410.jpg 768w, https:\/\/fgmdentalgroup.com\/wp-content\/uploads\/2021\/03\/Figura-8-\u2013-Protese-provisoria-imediata-instalada-e1691152145408-1024x546.jpg 1024w\" sizes=\"(max-width: 1080px) 100vw, 1080px\" \/><figcaption id=\"caption-attachment-424108\" class=\"wp-caption-text\">Figura 8 &#8211; Pr\u00f3tesis provisional inmediata<\/figcaption><\/figure>\n<p>&nbsp;<\/p>\n<figure id=\"attachment_424122\" aria-describedby=\"caption-attachment-424122\" style=\"width: 1080px\" class=\"wp-caption aligncenter\"><img loading=\"lazy\" decoding=\"async\" class=\"wp-image-424112 size-full\" src=\"https:\/\/fgmdentalgroup.com\/wp-content\/uploads\/2021\/03\/Figura-9-\u2013-Protese-provisoria-imediata-instalada-e1691152161849.jpg\" alt=\"Figura 9 \u2013 Pr\u00f3tese provis\u00f3ria imediata instalada\" width=\"1080\" height=\"491\" title=\"\" srcset=\"https:\/\/fgmdentalgroup.com\/wp-content\/uploads\/2021\/03\/Figura-9-\u2013-Protese-provisoria-imediata-instalada-e1691152161849.jpg 1080w, https:\/\/fgmdentalgroup.com\/wp-content\/uploads\/2021\/03\/Figura-9-\u2013-Protese-provisoria-imediata-instalada-e1691152161849-300x136.jpg 300w, https:\/\/fgmdentalgroup.com\/wp-content\/uploads\/2021\/03\/Figura-9-\u2013-Protese-provisoria-imediata-instalada-e1691152161849-150x68.jpg 150w, https:\/\/fgmdentalgroup.com\/wp-content\/uploads\/2021\/03\/Figura-9-\u2013-Protese-provisoria-imediata-instalada-e1691152161849-768x349.jpg 768w, https:\/\/fgmdentalgroup.com\/wp-content\/uploads\/2021\/03\/Figura-9-\u2013-Protese-provisoria-imediata-instalada-e1691152161849-1024x466.jpg 1024w\" sizes=\"(max-width: 1080px) 100vw, 1080px\" \/><figcaption id=\"caption-attachment-424122\" class=\"wp-caption-text\">Figura 9 &#8211; Pr\u00f3tesis provisional inmediata<\/figcaption><\/figure>\n<p>&nbsp;<\/p>\n<figure id=\"attachment_424136\" aria-describedby=\"caption-attachment-424136\" style=\"width: 1080px\" class=\"wp-caption aligncenter\"><img loading=\"lazy\" decoding=\"async\" class=\"wp-image-424126 size-full\" src=\"https:\/\/fgmdentalgroup.com\/wp-content\/uploads\/2021\/03\/Figura-10-Pos-operatorio-de-14-dias-e1691152182941.jpg\" alt=\"Figura 10 -P\u00f3s-operat\u00f3rio de 14 dias\" width=\"1080\" height=\"538\" title=\"\" srcset=\"https:\/\/fgmdentalgroup.com\/wp-content\/uploads\/2021\/03\/Figura-10-Pos-operatorio-de-14-dias-e1691152182941.jpg 1080w, https:\/\/fgmdentalgroup.com\/wp-content\/uploads\/2021\/03\/Figura-10-Pos-operatorio-de-14-dias-e1691152182941-300x149.jpg 300w, https:\/\/fgmdentalgroup.com\/wp-content\/uploads\/2021\/03\/Figura-10-Pos-operatorio-de-14-dias-e1691152182941-150x75.jpg 150w, https:\/\/fgmdentalgroup.com\/wp-content\/uploads\/2021\/03\/Figura-10-Pos-operatorio-de-14-dias-e1691152182941-768x383.jpg 768w, https:\/\/fgmdentalgroup.com\/wp-content\/uploads\/2021\/03\/Figura-10-Pos-operatorio-de-14-dias-e1691152182941-1024x510.jpg 1024w\" sizes=\"(max-width: 1080px) 100vw, 1080px\" \/><figcaption id=\"caption-attachment-424136\" class=\"wp-caption-text\">Figura 10 &#8211; Posoperatorio a los 14 d\u00edas<\/figcaption><\/figure>\n<p>&nbsp;<\/p>\n<figure id=\"attachment_424150\" aria-describedby=\"caption-attachment-424150\" style=\"width: 1080px\" class=\"wp-caption aligncenter\"><img loading=\"lazy\" decoding=\"async\" class=\"wp-image-424140 size-full\" src=\"https:\/\/fgmdentalgroup.com\/wp-content\/uploads\/2021\/03\/Figura-11-\u2013-Pos-operatorio-de-14-dias-e1691152210757.jpg\" alt=\"Figura 11 \u2013 P\u00f3s-operat\u00f3rio de 14 dias\" width=\"1080\" height=\"538\" title=\"\" srcset=\"https:\/\/fgmdentalgroup.com\/wp-content\/uploads\/2021\/03\/Figura-11-\u2013-Pos-operatorio-de-14-dias-e1691152210757.jpg 1080w, https:\/\/fgmdentalgroup.com\/wp-content\/uploads\/2021\/03\/Figura-11-\u2013-Pos-operatorio-de-14-dias-e1691152210757-300x149.jpg 300w, https:\/\/fgmdentalgroup.com\/wp-content\/uploads\/2021\/03\/Figura-11-\u2013-Pos-operatorio-de-14-dias-e1691152210757-150x75.jpg 150w, https:\/\/fgmdentalgroup.com\/wp-content\/uploads\/2021\/03\/Figura-11-\u2013-Pos-operatorio-de-14-dias-e1691152210757-768x383.jpg 768w, https:\/\/fgmdentalgroup.com\/wp-content\/uploads\/2021\/03\/Figura-11-\u2013-Pos-operatorio-de-14-dias-e1691152210757-1024x510.jpg 1024w\" sizes=\"(max-width: 1080px) 100vw, 1080px\" \/><figcaption id=\"caption-attachment-424150\" class=\"wp-caption-text\">Figura 11 &#8211; Posoperatorio a los 14 d\u00edas<\/figcaption><\/figure>\n<p>&nbsp;<\/p>\n<figure id=\"attachment_424164\" aria-describedby=\"caption-attachment-424164\" style=\"width: 1080px\" class=\"wp-caption aligncenter\"><img loading=\"lazy\" decoding=\"async\" class=\"wp-image-424154 size-full\" src=\"https:\/\/fgmdentalgroup.com\/wp-content\/uploads\/2021\/03\/Figura-12-\u2013-Pos-operatorio-de-14-dias-e1691152229965.jpg\" alt=\"Figura 12 \u2013 P\u00f3s-operat\u00f3rio de 14 dias\" width=\"1080\" height=\"609\" title=\"\" srcset=\"https:\/\/fgmdentalgroup.com\/wp-content\/uploads\/2021\/03\/Figura-12-\u2013-Pos-operatorio-de-14-dias-e1691152229965.jpg 1080w, https:\/\/fgmdentalgroup.com\/wp-content\/uploads\/2021\/03\/Figura-12-\u2013-Pos-operatorio-de-14-dias-e1691152229965-300x169.jpg 300w, https:\/\/fgmdentalgroup.com\/wp-content\/uploads\/2021\/03\/Figura-12-\u2013-Pos-operatorio-de-14-dias-e1691152229965-150x85.jpg 150w, https:\/\/fgmdentalgroup.com\/wp-content\/uploads\/2021\/03\/Figura-12-\u2013-Pos-operatorio-de-14-dias-e1691152229965-768x433.jpg 768w, https:\/\/fgmdentalgroup.com\/wp-content\/uploads\/2021\/03\/Figura-12-\u2013-Pos-operatorio-de-14-dias-e1691152229965-1024x577.jpg 1024w\" sizes=\"(max-width: 1080px) 100vw, 1080px\" \/><figcaption id=\"caption-attachment-424164\" class=\"wp-caption-text\">Figura 12 &#8211; Posoperatorio a los 14 d\u00edas<\/figcaption><\/figure>\n<p>&nbsp;<\/p>\n<figure id=\"attachment_424178\" aria-describedby=\"caption-attachment-424178\" style=\"width: 1080px\" class=\"wp-caption aligncenter\"><img loading=\"lazy\" decoding=\"async\" class=\"wp-image-424168 size-full\" src=\"https:\/\/fgmdentalgroup.com\/wp-content\/uploads\/2021\/03\/Figura-13-\u2013-Adaptacao-do-guia-multifincional-para-moldagem-de-transferencia-e1691152245421.jpg\" alt=\"Figura 13 \u2013 Adapta\u00e7\u00e3o do guia multifincional para moldagem de transfer\u00eancia\" width=\"1080\" height=\"589\" title=\"\" srcset=\"https:\/\/fgmdentalgroup.com\/wp-content\/uploads\/2021\/03\/Figura-13-\u2013-Adaptacao-do-guia-multifincional-para-moldagem-de-transferencia-e1691152245421.jpg 1080w, https:\/\/fgmdentalgroup.com\/wp-content\/uploads\/2021\/03\/Figura-13-\u2013-Adaptacao-do-guia-multifincional-para-moldagem-de-transferencia-e1691152245421-300x164.jpg 300w, https:\/\/fgmdentalgroup.com\/wp-content\/uploads\/2021\/03\/Figura-13-\u2013-Adaptacao-do-guia-multifincional-para-moldagem-de-transferencia-e1691152245421-150x82.jpg 150w, https:\/\/fgmdentalgroup.com\/wp-content\/uploads\/2021\/03\/Figura-13-\u2013-Adaptacao-do-guia-multifincional-para-moldagem-de-transferencia-e1691152245421-768x419.jpg 768w, https:\/\/fgmdentalgroup.com\/wp-content\/uploads\/2021\/03\/Figura-13-\u2013-Adaptacao-do-guia-multifincional-para-moldagem-de-transferencia-e1691152245421-1024x558.jpg 1024w\" sizes=\"(max-width: 1080px) 100vw, 1080px\" \/><figcaption id=\"caption-attachment-424178\" class=\"wp-caption-text\">Figura 13 &#8211; Adaptaci\u00f3n de la gu\u00eda multifuncional para la toma de impresi\u00f3n de transferencia<\/figcaption><\/figure>\n<p>&nbsp;<\/p>\n<figure id=\"attachment_424192\" aria-describedby=\"caption-attachment-424192\" style=\"width: 1080px\" class=\"wp-caption aligncenter\"><img loading=\"lazy\" decoding=\"async\" class=\"wp-image-424182 size-full\" src=\"https:\/\/fgmdentalgroup.com\/wp-content\/uploads\/2021\/03\/Figura-14-\u2013-Selecao-dos-transferentes-e-incremento-de-resina-acrilica-autopolimerizavel-previamente-a-sua-instalacao-sobre-os-componentes-e1691152267155.jpg\" alt=\"Figura 14 \u2013 Sele\u00e7\u00e3o dos transferentes e incremento de resina acr\u00edlica autopolimeriz\u00e1vel previamente a sua instala\u00e7\u00e3o sobre os componentes\" width=\"1080\" height=\"461\" title=\"\" srcset=\"https:\/\/fgmdentalgroup.com\/wp-content\/uploads\/2021\/03\/Figura-14-\u2013-Selecao-dos-transferentes-e-incremento-de-resina-acrilica-autopolimerizavel-previamente-a-sua-instalacao-sobre-os-componentes-e1691152267155.jpg 1080w, https:\/\/fgmdentalgroup.com\/wp-content\/uploads\/2021\/03\/Figura-14-\u2013-Selecao-dos-transferentes-e-incremento-de-resina-acrilica-autopolimerizavel-previamente-a-sua-instalacao-sobre-os-componentes-e1691152267155-300x128.jpg 300w, https:\/\/fgmdentalgroup.com\/wp-content\/uploads\/2021\/03\/Figura-14-\u2013-Selecao-dos-transferentes-e-incremento-de-resina-acrilica-autopolimerizavel-previamente-a-sua-instalacao-sobre-os-componentes-e1691152267155-150x64.jpg 150w, https:\/\/fgmdentalgroup.com\/wp-content\/uploads\/2021\/03\/Figura-14-\u2013-Selecao-dos-transferentes-e-incremento-de-resina-acrilica-autopolimerizavel-previamente-a-sua-instalacao-sobre-os-componentes-e1691152267155-768x328.jpg 768w, https:\/\/fgmdentalgroup.com\/wp-content\/uploads\/2021\/03\/Figura-14-\u2013-Selecao-dos-transferentes-e-incremento-de-resina-acrilica-autopolimerizavel-previamente-a-sua-instalacao-sobre-os-componentes-e1691152267155-1024x437.jpg 1024w\" sizes=\"(max-width: 1080px) 100vw, 1080px\" \/><figcaption id=\"caption-attachment-424192\" class=\"wp-caption-text\">Figura 14 &#8211; Selecci\u00f3n de los transferentes y aplicaci\u00f3n de resina acr\u00edlica autopolimerizable antes de su instalaci\u00f3n en los componentes.<\/figcaption><\/figure>\n<p>&nbsp;<\/p>\n<figure id=\"attachment_424206\" aria-describedby=\"caption-attachment-424206\" style=\"width: 1080px\" class=\"wp-caption aligncenter\"><img loading=\"lazy\" decoding=\"async\" class=\"wp-image-424196 \" src=\"https:\/\/fgmdentalgroup.com\/wp-content\/uploads\/2021\/03\/Figura-15-\u2013-Selecao-dos-transferentes-e-incremento-de-resina-acrilica-autopolimerizavel-previamente-a-sua-instalacao-sobre-os-componentes-e1691152295408.jpg\" alt=\"Figura 15 \u2013 Sele\u00e7\u00e3o dos transferentes e incremento de resina acr\u00edlica autopolimeriz\u00e1vel previamente a sua instala\u00e7\u00e3o sobre os componentes\" width=\"1080\" height=\"510\" title=\"\" srcset=\"https:\/\/fgmdentalgroup.com\/wp-content\/uploads\/2021\/03\/Figura-15-\u2013-Selecao-dos-transferentes-e-incremento-de-resina-acrilica-autopolimerizavel-previamente-a-sua-instalacao-sobre-os-componentes-e1691152295408.jpg 1080w, https:\/\/fgmdentalgroup.com\/wp-content\/uploads\/2021\/03\/Figura-15-\u2013-Selecao-dos-transferentes-e-incremento-de-resina-acrilica-autopolimerizavel-previamente-a-sua-instalacao-sobre-os-componentes-e1691152295408-300x142.jpg 300w, https:\/\/fgmdentalgroup.com\/wp-content\/uploads\/2021\/03\/Figura-15-\u2013-Selecao-dos-transferentes-e-incremento-de-resina-acrilica-autopolimerizavel-previamente-a-sua-instalacao-sobre-os-componentes-e1691152295408-150x71.jpg 150w, https:\/\/fgmdentalgroup.com\/wp-content\/uploads\/2021\/03\/Figura-15-\u2013-Selecao-dos-transferentes-e-incremento-de-resina-acrilica-autopolimerizavel-previamente-a-sua-instalacao-sobre-os-componentes-e1691152295408-768x363.jpg 768w, https:\/\/fgmdentalgroup.com\/wp-content\/uploads\/2021\/03\/Figura-15-\u2013-Selecao-dos-transferentes-e-incremento-de-resina-acrilica-autopolimerizavel-previamente-a-sua-instalacao-sobre-os-componentes-e1691152295408-1024x484.jpg 1024w\" sizes=\"(max-width: 1080px) 100vw, 1080px\" \/><figcaption id=\"caption-attachment-424206\" class=\"wp-caption-text\">Figura 15 &#8211; Selecci\u00f3n de los transferentes y aplicaci\u00f3n de resina acr\u00edlica autopolimerizable antes de su instalaci\u00f3n en los componentes.<\/figcaption><\/figure>\n<p>&nbsp;<\/p>\n<figure id=\"attachment_424220\" aria-describedby=\"caption-attachment-424220\" style=\"width: 1080px\" class=\"wp-caption aligncenter\"><img loading=\"lazy\" decoding=\"async\" class=\"wp-image-424210 size-full\" src=\"https:\/\/fgmdentalgroup.com\/wp-content\/uploads\/2021\/03\/Figura-16-\u2013-Instalacao-e-uniao-dos-transferentes-e1691152334328.jpg\" alt=\"Figura 16 \u2013 Instala\u00e7\u00e3o e uni\u00e3o dos transferentes\" width=\"1080\" height=\"528\" title=\"\" srcset=\"https:\/\/fgmdentalgroup.com\/wp-content\/uploads\/2021\/03\/Figura-16-\u2013-Instalacao-e-uniao-dos-transferentes-e1691152334328.jpg 1080w, https:\/\/fgmdentalgroup.com\/wp-content\/uploads\/2021\/03\/Figura-16-\u2013-Instalacao-e-uniao-dos-transferentes-e1691152334328-300x147.jpg 300w, https:\/\/fgmdentalgroup.com\/wp-content\/uploads\/2021\/03\/Figura-16-\u2013-Instalacao-e-uniao-dos-transferentes-e1691152334328-150x73.jpg 150w, https:\/\/fgmdentalgroup.com\/wp-content\/uploads\/2021\/03\/Figura-16-\u2013-Instalacao-e-uniao-dos-transferentes-e1691152334328-768x375.jpg 768w, https:\/\/fgmdentalgroup.com\/wp-content\/uploads\/2021\/03\/Figura-16-\u2013-Instalacao-e-uniao-dos-transferentes-e1691152334328-1024x501.jpg 1024w\" sizes=\"(max-width: 1080px) 100vw, 1080px\" \/><figcaption id=\"caption-attachment-424220\" class=\"wp-caption-text\">Figura 16 &#8211; Instalaci\u00f3n y uni\u00f3n de los transferentes.<\/figcaption><\/figure>\n<p>&nbsp;<\/p>\n<figure id=\"attachment_424234\" aria-describedby=\"caption-attachment-424234\" style=\"width: 1080px\" class=\"wp-caption aligncenter\"><img loading=\"lazy\" decoding=\"async\" class=\"wp-image-424224\" src=\"https:\/\/fgmdentalgroup.com\/wp-content\/uploads\/2021\/03\/Figura-17-\u2013-Instalacao-e-uniao-dos-transferentes-e1691152381135.jpg\" alt=\"Figura 17 \u2013 Instala\u00e7\u00e3o e uni\u00e3o dos transferentes\" width=\"1080\" height=\"591\" title=\"\" srcset=\"https:\/\/fgmdentalgroup.com\/wp-content\/uploads\/2021\/03\/Figura-17-\u2013-Instalacao-e-uniao-dos-transferentes-e1691152381135.jpg 1080w, https:\/\/fgmdentalgroup.com\/wp-content\/uploads\/2021\/03\/Figura-17-\u2013-Instalacao-e-uniao-dos-transferentes-e1691152381135-300x164.jpg 300w, https:\/\/fgmdentalgroup.com\/wp-content\/uploads\/2021\/03\/Figura-17-\u2013-Instalacao-e-uniao-dos-transferentes-e1691152381135-150x82.jpg 150w, https:\/\/fgmdentalgroup.com\/wp-content\/uploads\/2021\/03\/Figura-17-\u2013-Instalacao-e-uniao-dos-transferentes-e1691152381135-768x420.jpg 768w, https:\/\/fgmdentalgroup.com\/wp-content\/uploads\/2021\/03\/Figura-17-\u2013-Instalacao-e-uniao-dos-transferentes-e1691152381135-1024x560.jpg 1024w\" sizes=\"(max-width: 1080px) 100vw, 1080px\" \/><figcaption id=\"caption-attachment-424234\" class=\"wp-caption-text\">Figura 17 &#8211; Instalaci\u00f3n y uni\u00f3n de los transferentes.<\/figcaption><\/figure>\n<p>&nbsp;<\/p>\n<figure id=\"attachment_424248\" aria-describedby=\"caption-attachment-424248\" style=\"width: 1080px\" class=\"wp-caption aligncenter\"><img loading=\"lazy\" decoding=\"async\" class=\"wp-image-424238 size-full\" src=\"https:\/\/fgmdentalgroup.com\/wp-content\/uploads\/2021\/03\/Figura-18-\u2013-Uniao-dos-transferentes-ao-guia-multifuncional-registro-oclusal-moldagem-com-silicone-de-adicao-fluido-e-adaptacao-dos-analogos-e1691152423595.jpg\" alt=\"Figura 18 \u2013 Uni\u00e3o dos transferentes ao guia multifuncional registro oclusal moldagem com silicone de adi\u00e7\u00e3o flu\u00eddo e adapta\u00e7\u00e3o dos an\u00e1logos\" width=\"1080\" height=\"624\" title=\"\" srcset=\"https:\/\/fgmdentalgroup.com\/wp-content\/uploads\/2021\/03\/Figura-18-\u2013-Uniao-dos-transferentes-ao-guia-multifuncional-registro-oclusal-moldagem-com-silicone-de-adicao-fluido-e-adaptacao-dos-analogos-e1691152423595.jpg 1080w, https:\/\/fgmdentalgroup.com\/wp-content\/uploads\/2021\/03\/Figura-18-\u2013-Uniao-dos-transferentes-ao-guia-multifuncional-registro-oclusal-moldagem-com-silicone-de-adicao-fluido-e-adaptacao-dos-analogos-e1691152423595-300x173.jpg 300w, https:\/\/fgmdentalgroup.com\/wp-content\/uploads\/2021\/03\/Figura-18-\u2013-Uniao-dos-transferentes-ao-guia-multifuncional-registro-oclusal-moldagem-com-silicone-de-adicao-fluido-e-adaptacao-dos-analogos-e1691152423595-150x87.jpg 150w, https:\/\/fgmdentalgroup.com\/wp-content\/uploads\/2021\/03\/Figura-18-\u2013-Uniao-dos-transferentes-ao-guia-multifuncional-registro-oclusal-moldagem-com-silicone-de-adicao-fluido-e-adaptacao-dos-analogos-e1691152423595-768x444.jpg 768w, https:\/\/fgmdentalgroup.com\/wp-content\/uploads\/2021\/03\/Figura-18-\u2013-Uniao-dos-transferentes-ao-guia-multifuncional-registro-oclusal-moldagem-com-silicone-de-adicao-fluido-e-adaptacao-dos-analogos-e1691152423595-1024x592.jpg 1024w\" sizes=\"(max-width: 1080px) 100vw, 1080px\" \/><figcaption id=\"caption-attachment-424248\" class=\"wp-caption-text\">Figura 18 &#8211; Uni\u00f3n de los transferentes al gu\u00eda multifuncional, registro oclusal y moldeo con silicona de adici\u00f3n fluida, y adaptaci\u00f3n de los an\u00e1logos.<\/figcaption><\/figure>\n<p>&nbsp;<\/p>\n<figure id=\"attachment_424262\" aria-describedby=\"caption-attachment-424262\" style=\"width: 1080px\" class=\"wp-caption aligncenter\"><img loading=\"lazy\" decoding=\"async\" class=\"wp-image-424252 size-full\" src=\"https:\/\/fgmdentalgroup.com\/wp-content\/uploads\/2021\/03\/Figura-19-\u2013-Uniao-dos-transferentes-ao-guia-multifuncional-registro-oclusal-moldagem-com-silicone-de-adicao-fluido-e-adaptacao-dos-analogos-e1691152441311.jpg\" alt=\"Figura 19 \u2013 Uni\u00e3o dos transferentes ao guia multifuncional registro oclusal moldagem com silicone de adi\u00e7\u00e3o flu\u00eddo e adapta\u00e7\u00e3o dos an\u00e1logos\" width=\"1080\" height=\"617\" title=\"\" srcset=\"https:\/\/fgmdentalgroup.com\/wp-content\/uploads\/2021\/03\/Figura-19-\u2013-Uniao-dos-transferentes-ao-guia-multifuncional-registro-oclusal-moldagem-com-silicone-de-adicao-fluido-e-adaptacao-dos-analogos-e1691152441311.jpg 1080w, https:\/\/fgmdentalgroup.com\/wp-content\/uploads\/2021\/03\/Figura-19-\u2013-Uniao-dos-transferentes-ao-guia-multifuncional-registro-oclusal-moldagem-com-silicone-de-adicao-fluido-e-adaptacao-dos-analogos-e1691152441311-300x171.jpg 300w, https:\/\/fgmdentalgroup.com\/wp-content\/uploads\/2021\/03\/Figura-19-\u2013-Uniao-dos-transferentes-ao-guia-multifuncional-registro-oclusal-moldagem-com-silicone-de-adicao-fluido-e-adaptacao-dos-analogos-e1691152441311-150x86.jpg 150w, https:\/\/fgmdentalgroup.com\/wp-content\/uploads\/2021\/03\/Figura-19-\u2013-Uniao-dos-transferentes-ao-guia-multifuncional-registro-oclusal-moldagem-com-silicone-de-adicao-fluido-e-adaptacao-dos-analogos-e1691152441311-768x439.jpg 768w, https:\/\/fgmdentalgroup.com\/wp-content\/uploads\/2021\/03\/Figura-19-\u2013-Uniao-dos-transferentes-ao-guia-multifuncional-registro-oclusal-moldagem-com-silicone-de-adicao-fluido-e-adaptacao-dos-analogos-e1691152441311-1024x585.jpg 1024w\" sizes=\"(max-width: 1080px) 100vw, 1080px\" \/><figcaption id=\"caption-attachment-424262\" class=\"wp-caption-text\">Figura 19 &#8211; Uni\u00f3n de los transferentes al gu\u00eda multifuncional, registro oclusal y moldeo con silicona de adici\u00f3n fluida, y adaptaci\u00f3n de los an\u00e1logos.<\/figcaption><\/figure>\n<p>&nbsp;<\/p>\n<figure id=\"attachment_424276\" aria-describedby=\"caption-attachment-424276\" style=\"width: 1080px\" class=\"wp-caption aligncenter\"><img loading=\"lazy\" decoding=\"async\" class=\"wp-image-424266 size-full\" src=\"https:\/\/fgmdentalgroup.com\/wp-content\/uploads\/2021\/03\/Figura-20-\u2013-Uniao-dos-transferentes-ao-guia-multifuncional-registro-oclusal-moldagem-com-silicone-de-adicao-fluido-e-adaptacao-dos-analogos-e1691152463671.jpg\" alt=\"Figura 20 \u2013 Uni\u00e3o dos transferentes ao guia multifuncional registro oclusal moldagem com silicone de adi\u00e7\u00e3o flu\u00eddo e adapta\u00e7\u00e3o dos an\u00e1logos\" width=\"1080\" height=\"886\" title=\"\" srcset=\"https:\/\/fgmdentalgroup.com\/wp-content\/uploads\/2021\/03\/Figura-20-\u2013-Uniao-dos-transferentes-ao-guia-multifuncional-registro-oclusal-moldagem-com-silicone-de-adicao-fluido-e-adaptacao-dos-analogos-e1691152463671.jpg 1080w, https:\/\/fgmdentalgroup.com\/wp-content\/uploads\/2021\/03\/Figura-20-\u2013-Uniao-dos-transferentes-ao-guia-multifuncional-registro-oclusal-moldagem-com-silicone-de-adicao-fluido-e-adaptacao-dos-analogos-e1691152463671-300x246.jpg 300w, https:\/\/fgmdentalgroup.com\/wp-content\/uploads\/2021\/03\/Figura-20-\u2013-Uniao-dos-transferentes-ao-guia-multifuncional-registro-oclusal-moldagem-com-silicone-de-adicao-fluido-e-adaptacao-dos-analogos-e1691152463671-150x123.jpg 150w, https:\/\/fgmdentalgroup.com\/wp-content\/uploads\/2021\/03\/Figura-20-\u2013-Uniao-dos-transferentes-ao-guia-multifuncional-registro-oclusal-moldagem-com-silicone-de-adicao-fluido-e-adaptacao-dos-analogos-e1691152463671-768x630.jpg 768w, https:\/\/fgmdentalgroup.com\/wp-content\/uploads\/2021\/03\/Figura-20-\u2013-Uniao-dos-transferentes-ao-guia-multifuncional-registro-oclusal-moldagem-com-silicone-de-adicao-fluido-e-adaptacao-dos-analogos-e1691152463671-1024x840.jpg 1024w\" sizes=\"(max-width: 1080px) 100vw, 1080px\" \/><figcaption id=\"caption-attachment-424276\" class=\"wp-caption-text\">Figura 20 &#8211; Uni\u00f3n de los transferentes al gu\u00eda multifuncional, registro oclusal y moldeo con silicona de adici\u00f3n fluida, y adaptaci\u00f3n de los an\u00e1logos.<\/figcaption><\/figure>\n<p>&nbsp;<\/p>\n<figure id=\"attachment_424291\" aria-describedby=\"caption-attachment-424291\" style=\"width: 1080px\" class=\"wp-caption aligncenter\"><img loading=\"lazy\" decoding=\"async\" class=\"wp-image-424281 size-full\" src=\"https:\/\/fgmdentalgroup.com\/wp-content\/uploads\/2021\/03\/Figura-21-\u2013-Montagem-para-prova-da-estrutura-metalica-e-dentes-e1691152494777.jpg\" alt=\"Figura 21 \u2013 Montagem para prova da estrutura met\u00e1lica e dentes\" width=\"1080\" height=\"646\" title=\"\" srcset=\"https:\/\/fgmdentalgroup.com\/wp-content\/uploads\/2021\/03\/Figura-21-\u2013-Montagem-para-prova-da-estrutura-metalica-e-dentes-e1691152494777.jpg 1080w, https:\/\/fgmdentalgroup.com\/wp-content\/uploads\/2021\/03\/Figura-21-\u2013-Montagem-para-prova-da-estrutura-metalica-e-dentes-e1691152494777-300x179.jpg 300w, https:\/\/fgmdentalgroup.com\/wp-content\/uploads\/2021\/03\/Figura-21-\u2013-Montagem-para-prova-da-estrutura-metalica-e-dentes-e1691152494777-150x90.jpg 150w, https:\/\/fgmdentalgroup.com\/wp-content\/uploads\/2021\/03\/Figura-21-\u2013-Montagem-para-prova-da-estrutura-metalica-e-dentes-e1691152494777-768x459.jpg 768w, https:\/\/fgmdentalgroup.com\/wp-content\/uploads\/2021\/03\/Figura-21-\u2013-Montagem-para-prova-da-estrutura-metalica-e-dentes-e1691152494777-1024x613.jpg 1024w\" sizes=\"(max-width: 1080px) 100vw, 1080px\" \/><figcaption id=\"caption-attachment-424291\" class=\"wp-caption-text\">Figura 21 &#8211; Montaje para la prueba de la estructura met\u00e1lica y los dientes.<\/figcaption><\/figure>\n<p>&nbsp;<\/p>\n<figure id=\"attachment_424305\" aria-describedby=\"caption-attachment-424305\" style=\"width: 1080px\" class=\"wp-caption aligncenter\"><img loading=\"lazy\" decoding=\"async\" class=\"wp-image-424295 size-full\" src=\"https:\/\/fgmdentalgroup.com\/wp-content\/uploads\/2021\/03\/Figura-22-\u2013-Montagem-para-prova-da-estrutura-metalica-e-dentes-e1691152517262.jpg\" alt=\"Figura 22 \u2013 Montagem para prova da estrutura met\u00e1lica e dentes\" width=\"1080\" height=\"524\" title=\"\" srcset=\"https:\/\/fgmdentalgroup.com\/wp-content\/uploads\/2021\/03\/Figura-22-\u2013-Montagem-para-prova-da-estrutura-metalica-e-dentes-e1691152517262.jpg 1080w, https:\/\/fgmdentalgroup.com\/wp-content\/uploads\/2021\/03\/Figura-22-\u2013-Montagem-para-prova-da-estrutura-metalica-e-dentes-e1691152517262-300x146.jpg 300w, https:\/\/fgmdentalgroup.com\/wp-content\/uploads\/2021\/03\/Figura-22-\u2013-Montagem-para-prova-da-estrutura-metalica-e-dentes-e1691152517262-150x73.jpg 150w, https:\/\/fgmdentalgroup.com\/wp-content\/uploads\/2021\/03\/Figura-22-\u2013-Montagem-para-prova-da-estrutura-metalica-e-dentes-e1691152517262-768x373.jpg 768w, https:\/\/fgmdentalgroup.com\/wp-content\/uploads\/2021\/03\/Figura-22-\u2013-Montagem-para-prova-da-estrutura-metalica-e-dentes-e1691152517262-1024x497.jpg 1024w\" sizes=\"(max-width: 1080px) 100vw, 1080px\" \/><figcaption id=\"caption-attachment-424305\" class=\"wp-caption-text\">Figura 22 &#8211; Montaje para la prueba de la estructura met\u00e1lica y los dientes.<\/figcaption><\/figure>\n<p>&nbsp;<\/p>\n<figure id=\"attachment_428889\" aria-describedby=\"caption-attachment-428889\" style=\"width: 1080px\" class=\"wp-caption aligncenter\"><img loading=\"lazy\" decoding=\"async\" class=\"size-full wp-image-428879\" src=\"https:\/\/fgmdentalgroup.com\/wp-content\/uploads\/2021\/03\/Figura-23-\u2013-Protese-final-concluida-e1691152671961.jpg\" alt=\"Figura 23 \u2013 Pr\u00f3tese Final Conclu\u00edda\" width=\"1080\" height=\"854\" title=\"\" srcset=\"https:\/\/fgmdentalgroup.com\/wp-content\/uploads\/2021\/03\/Figura-23-\u2013-Protese-final-concluida-e1691152671961.jpg 1080w, https:\/\/fgmdentalgroup.com\/wp-content\/uploads\/2021\/03\/Figura-23-\u2013-Protese-final-concluida-e1691152671961-300x237.jpg 300w, https:\/\/fgmdentalgroup.com\/wp-content\/uploads\/2021\/03\/Figura-23-\u2013-Protese-final-concluida-e1691152671961-150x119.jpg 150w, https:\/\/fgmdentalgroup.com\/wp-content\/uploads\/2021\/03\/Figura-23-\u2013-Protese-final-concluida-e1691152671961-768x607.jpg 768w, https:\/\/fgmdentalgroup.com\/wp-content\/uploads\/2021\/03\/Figura-23-\u2013-Protese-final-concluida-e1691152671961-1024x810.jpg 1024w\" sizes=\"(max-width: 1080px) 100vw, 1080px\" \/><figcaption id=\"caption-attachment-428889\" class=\"wp-caption-text\">Figura 23 &#8211; Pr\u00f3tesis Final Concluida<\/figcaption><\/figure>\n<p>&nbsp;<\/p>\n<figure id=\"attachment_424319\" aria-describedby=\"caption-attachment-424319\" style=\"width: 1080px\" class=\"wp-caption aligncenter\"><img loading=\"lazy\" decoding=\"async\" class=\"wp-image-424309 size-full\" src=\"https:\/\/fgmdentalgroup.com\/wp-content\/uploads\/2021\/03\/Figura-24-\u2013-Aspecto-tecidual-peri-implantar-imediatamente-antes-da-instalacao-da-peca-final-e1691152697634.jpg\" alt=\"Figura 24 \u2013 Aspecto tecidual peri-implantar imediatamente antes da instala\u00e7\u00e3o da pe\u00e7a final\" width=\"1080\" height=\"460\" title=\"\" srcset=\"https:\/\/fgmdentalgroup.com\/wp-content\/uploads\/2021\/03\/Figura-24-\u2013-Aspecto-tecidual-peri-implantar-imediatamente-antes-da-instalacao-da-peca-final-e1691152697634.jpg 1080w, https:\/\/fgmdentalgroup.com\/wp-content\/uploads\/2021\/03\/Figura-24-\u2013-Aspecto-tecidual-peri-implantar-imediatamente-antes-da-instalacao-da-peca-final-e1691152697634-300x128.jpg 300w, https:\/\/fgmdentalgroup.com\/wp-content\/uploads\/2021\/03\/Figura-24-\u2013-Aspecto-tecidual-peri-implantar-imediatamente-antes-da-instalacao-da-peca-final-e1691152697634-150x64.jpg 150w, https:\/\/fgmdentalgroup.com\/wp-content\/uploads\/2021\/03\/Figura-24-\u2013-Aspecto-tecidual-peri-implantar-imediatamente-antes-da-instalacao-da-peca-final-e1691152697634-768x327.jpg 768w, https:\/\/fgmdentalgroup.com\/wp-content\/uploads\/2021\/03\/Figura-24-\u2013-Aspecto-tecidual-peri-implantar-imediatamente-antes-da-instalacao-da-peca-final-e1691152697634-1024x436.jpg 1024w\" sizes=\"(max-width: 1080px) 100vw, 1080px\" \/><figcaption id=\"caption-attachment-424319\" class=\"wp-caption-text\">Figura 24 &#8211; Aspecto tisular periimplantar inmediatamente antes de la instalaci\u00f3n de la pieza final<\/figcaption><\/figure>\n<p>&nbsp;<\/p>\n<figure id=\"attachment_424333\" aria-describedby=\"caption-attachment-424333\" style=\"width: 1080px\" class=\"wp-caption aligncenter\"><img loading=\"lazy\" decoding=\"async\" class=\"wp-image-424323 size-full\" src=\"https:\/\/fgmdentalgroup.com\/wp-content\/uploads\/2021\/03\/Figura-25-\u2013-Instalacao-da-peca-final-e-ajuste-oclusal-e1691152715565.jpg\" alt=\"Fig. 25: Instala\u00e7\u00e3o da pe\u00e7a final e ajuste oclusal.\" width=\"1080\" height=\"514\" title=\"\" srcset=\"https:\/\/fgmdentalgroup.com\/wp-content\/uploads\/2021\/03\/Figura-25-\u2013-Instalacao-da-peca-final-e-ajuste-oclusal-e1691152715565.jpg 1080w, https:\/\/fgmdentalgroup.com\/wp-content\/uploads\/2021\/03\/Figura-25-\u2013-Instalacao-da-peca-final-e-ajuste-oclusal-e1691152715565-300x143.jpg 300w, https:\/\/fgmdentalgroup.com\/wp-content\/uploads\/2021\/03\/Figura-25-\u2013-Instalacao-da-peca-final-e-ajuste-oclusal-e1691152715565-150x71.jpg 150w, https:\/\/fgmdentalgroup.com\/wp-content\/uploads\/2021\/03\/Figura-25-\u2013-Instalacao-da-peca-final-e-ajuste-oclusal-e1691152715565-768x366.jpg 768w, https:\/\/fgmdentalgroup.com\/wp-content\/uploads\/2021\/03\/Figura-25-\u2013-Instalacao-da-peca-final-e-ajuste-oclusal-e1691152715565-1024x487.jpg 1024w\" sizes=\"(max-width: 1080px) 100vw, 1080px\" \/><figcaption id=\"caption-attachment-424333\" class=\"wp-caption-text\">Fig. 25: Instalaci\u00f3n de la pieza final y ajuste oclusal<\/figcaption><\/figure>\n<p>&nbsp;<\/p>\n<p><img loading=\"lazy\" decoding=\"async\" class=\"aligncenter wp-image-428893 size-full\" src=\"https:\/\/fgmdentalgroup.com\/wp-content\/uploads\/2021\/03\/Figura-26-\u2013-Sorriso-final-e1691152768732.jpg\" alt=\"\" width=\"1080\" height=\"664\" title=\"\" srcset=\"https:\/\/fgmdentalgroup.com\/wp-content\/uploads\/2021\/03\/Figura-26-\u2013-Sorriso-final-e1691152768732.jpg 1080w, https:\/\/fgmdentalgroup.com\/wp-content\/uploads\/2021\/03\/Figura-26-\u2013-Sorriso-final-e1691152768732-300x184.jpg 300w, https:\/\/fgmdentalgroup.com\/wp-content\/uploads\/2021\/03\/Figura-26-\u2013-Sorriso-final-e1691152768732-150x92.jpg 150w, https:\/\/fgmdentalgroup.com\/wp-content\/uploads\/2021\/03\/Figura-26-\u2013-Sorriso-final-e1691152768732-768x472.jpg 768w, https:\/\/fgmdentalgroup.com\/wp-content\/uploads\/2021\/03\/Figura-26-\u2013-Sorriso-final-e1691152768732-1024x630.jpg 1024w\" sizes=\"(max-width: 1080px) 100vw, 1080px\" \/><\/p>\n<p><img loading=\"lazy\" decoding=\"async\" class=\"size-full wp-image-428907 aligncenter\" src=\"https:\/\/fgmdentalgroup.com\/wp-content\/uploads\/2021\/03\/Figura-27-\u2013-Sorriso-final-e1691152807976.jpg\" alt=\"\" width=\"1080\" height=\"599\" title=\"\" srcset=\"https:\/\/fgmdentalgroup.com\/wp-content\/uploads\/2021\/03\/Figura-27-\u2013-Sorriso-final-e1691152807976.jpg 1080w, https:\/\/fgmdentalgroup.com\/wp-content\/uploads\/2021\/03\/Figura-27-\u2013-Sorriso-final-e1691152807976-300x166.jpg 300w, https:\/\/fgmdentalgroup.com\/wp-content\/uploads\/2021\/03\/Figura-27-\u2013-Sorriso-final-e1691152807976-150x83.jpg 150w, https:\/\/fgmdentalgroup.com\/wp-content\/uploads\/2021\/03\/Figura-27-\u2013-Sorriso-final-e1691152807976-768x426.jpg 768w, https:\/\/fgmdentalgroup.com\/wp-content\/uploads\/2021\/03\/Figura-27-\u2013-Sorriso-final-e1691152807976-1024x568.jpg 1024w\" sizes=\"(max-width: 1080px) 100vw, 1080px\" \/><\/p>\n<div class=\"group w-full text-token-text-primary border-b border-black\/10 dark:border-gray-900\/50 bg-gray-50 dark:bg-[#444654]\">\n<div class=\"flex p-4 gap-4 text-base md:gap-6 md:max-w-2xl lg:max-w-[38rem] xl:max-w-3xl md:py-6 lg:px-0 m-auto\">\n<div class=\"relative flex w-[calc(100%-50px)] flex-col gap-1 md:gap-3 lg:w-[calc(100%-115px)]\">\n<div class=\"flex flex-grow flex-col gap-3\">\n<div class=\"min-h-[20px] flex flex-col items-start gap-3 overflow-x-auto whitespace-pre-wrap break-words\">\n<div class=\"markdown prose w-full break-words dark:prose-invert light\">\n<p>Fig. 26 y 27: Sonrisa final<\/p>\n<\/div>\n<\/div>\n<\/div>\n<\/div>\n<\/div>\n<\/div>\n<p>&nbsp;<\/p>\n<figure id=\"attachment_424347\" aria-describedby=\"caption-attachment-424347\" style=\"width: 1080px\" class=\"wp-caption aligncenter\"><img loading=\"lazy\" decoding=\"async\" class=\"wp-image-424337 size-full\" src=\"https:\/\/fgmdentalgroup.com\/wp-content\/uploads\/2021\/03\/Figura-28-\u2013-Controle-radiografico-com-5-meses-em-funcao-e1691152839382.jpg\" alt=\"Fig. 28: Controle radiogr\u00e1fico com 5 meses em fun\u00e7\u00e3o.\" width=\"1080\" height=\"649\" title=\"\" srcset=\"https:\/\/fgmdentalgroup.com\/wp-content\/uploads\/2021\/03\/Figura-28-\u2013-Controle-radiografico-com-5-meses-em-funcao-e1691152839382.jpg 1080w, https:\/\/fgmdentalgroup.com\/wp-content\/uploads\/2021\/03\/Figura-28-\u2013-Controle-radiografico-com-5-meses-em-funcao-e1691152839382-300x180.jpg 300w, https:\/\/fgmdentalgroup.com\/wp-content\/uploads\/2021\/03\/Figura-28-\u2013-Controle-radiografico-com-5-meses-em-funcao-e1691152839382-150x90.jpg 150w, https:\/\/fgmdentalgroup.com\/wp-content\/uploads\/2021\/03\/Figura-28-\u2013-Controle-radiografico-com-5-meses-em-funcao-e1691152839382-768x462.jpg 768w, https:\/\/fgmdentalgroup.com\/wp-content\/uploads\/2021\/03\/Figura-28-\u2013-Controle-radiografico-com-5-meses-em-funcao-e1691152839382-1024x615.jpg 1024w\" sizes=\"(max-width: 1080px) 100vw, 1080px\" \/><figcaption id=\"caption-attachment-424347\" class=\"wp-caption-text\">Fig. 28: Control radiogr\u00e1fico a los 5 meses en funci\u00f3n<\/figcaption><\/figure>\n<div id=\"gtx-trans\" style=\"position: absolute; left: 159px; top: 12226.7px;\">\n<div class=\"gtx-trans-icon\"><\/div>\n<\/div>\n","protected":false},"excerpt":{"rendered":"<p>Autor: Rafael Cury Cecato G\u00e9nero y edad del paciente: Femenino, 52 a\u00f1os. QUEJA PRINCIPAL: La paciente busc\u00f3 atenci\u00f3n odontol\u00f3gica con quejas de movilidad acentuada en los dientes inferiores. Evaluaci\u00f3n inicial: Despu\u00e9s de una anamnesis detallada, examen cl\u00ednico e im\u00e1genes, se constat\u00f3 la presencia de enfermedad periodontal generalizada en los dientes inferiores, lo que justific\u00f3 la [&hellip;]<\/p>\n","protected":false},"author":16,"featured_media":297400,"comment_status":"closed","ping_status":"closed","sticky":false,"template":"","format":"standard","meta":{"footnotes":""},"categories":[1481,1178],"tags":[659],"produto-relacionado":[1547],"categoria-post":[26],"linha-de-atuacao":[491],"class_list":["post-434797","post","type-post","status-publish","format-standard","has-post-thumbnail","hentry","category-posts","category-post","tag-casos-clinicos-latam","produto-relacionado-sistema-de-implantes-vezza","categoria-post-casos-clinicos","linha-de-atuacao-produto-implantes-latam"],"_links":{"self":[{"href":"https:\/\/fgmdentalgroup.com\/latam\/wp-json\/wp\/v2\/posts\/434797"}],"collection":[{"href":"https:\/\/fgmdentalgroup.com\/latam\/wp-json\/wp\/v2\/posts"}],"about":[{"href":"https:\/\/fgmdentalgroup.com\/latam\/wp-json\/wp\/v2\/types\/post"}],"author":[{"embeddable":true,"href":"https:\/\/fgmdentalgroup.com\/latam\/wp-json\/wp\/v2\/users\/16"}],"replies":[{"embeddable":true,"href":"https:\/\/fgmdentalgroup.com\/latam\/wp-json\/wp\/v2\/comments?post=434797"}],"version-history":[{"count":0,"href":"https:\/\/fgmdentalgroup.com\/latam\/wp-json\/wp\/v2\/posts\/434797\/revisions"}],"wp:featuredmedia":[{"embeddable":true,"href":"https:\/\/fgmdentalgroup.com\/latam\/wp-json\/wp\/v2\/media\/297400"}],"wp:attachment":[{"href":"https:\/\/fgmdentalgroup.com\/latam\/wp-json\/wp\/v2\/media?parent=434797"}],"wp:term":[{"taxonomy":"category","embeddable":true,"href":"https:\/\/fgmdentalgroup.com\/latam\/wp-json\/wp\/v2\/categories?post=434797"},{"taxonomy":"post_tag","embeddable":true,"href":"https:\/\/fgmdentalgroup.com\/latam\/wp-json\/wp\/v2\/tags?post=434797"},{"taxonomy":"produto-relacionado","embeddable":true,"href":"https:\/\/fgmdentalgroup.com\/latam\/wp-json\/wp\/v2\/produto-relacionado?post=434797"},{"taxonomy":"categoria-post","embeddable":true,"href":"https:\/\/fgmdentalgroup.com\/latam\/wp-json\/wp\/v2\/categoria-post?post=434797"},{"taxonomy":"linha-de-atuacao","embeddable":true,"href":"https:\/\/fgmdentalgroup.com\/latam\/wp-json\/wp\/v2\/linha-de-atuacao?post=434797"}],"curies":[{"name":"wp","href":"https:\/\/api.w.org\/{rel}","templated":true}]}}