{"id":356222,"date":"2021-05-24T02:04:14","date_gmt":"2021-05-24T05:04:14","guid":{"rendered":"https:\/\/fgmdentalgroup.com\/?p=356222"},"modified":"2023-07-19T11:32:22","modified_gmt":"2023-07-19T14:32:22","slug":"mega-abrasion-y-recontorno-cosmetico-con-resina-compuesta-estrategias-de-minima-intervencion","status":"publish","type":"post","link":"https:\/\/fgmdentalgroup.com\/latam\/blog\/posts\/mega-abrasion-y-recontorno-cosmetico-con-resina-compuesta-estrategias-de-minima-intervencion\/","title":{"rendered":"Mega abrasi\u00f3n y recontorno cosm\u00e9tico con resina compuesta: estrategias de m\u00ednima intervenci\u00f3n"},"content":{"rendered":"\r\n<p><em>Autores: Gregori Franco Boeira; Giulia Tarquino Demarco; Lisia Lorea Valente<\/em><\/p>\r\n\r\n\r\n\r\n<p><strong>Paciente:<\/strong>\u00a0sexo feminino G.T.D, 21 a\u00f1os.<\/p>\r\n\r\n\r\n\r\n<p><strong>Queja Principal:<\/strong>\u00a0\u201cInsatisfacci\u00f3n est\u00e9tica por los manchados hipopl\u00e1sicos y contornos dentales alterados que dejaban la sonrisa infantil\u201d.<\/p>\r\n\r\n\r\n\r\n<h3 class=\"wp-block-heading\">EVALUACI\u00d3N CL\u00cdNICA\/RADIOGR\u00c1FICA INICIAL<\/h3>\r\n\r\n\r\n\r\n<p>Tras una anamnesis, evaluaci\u00f3n cl\u00ednica y radiogr\u00e1fica detallada, complementada con transiluminaci\u00f3n del elemento 22, se observ\u00f3 que la paciente presentaba manchados hipopl\u00e1sicos y contornos dentales alterados.<\/p>\r\n\r\n\r\n\r\n<h3 class=\"wp-block-heading\">TRATAMIENTO EJECUTADO<\/h3>\r\n\r\n\r\n\r\n<p>Alteraciones crom\u00e1ticas, \u00e1reas hipopl\u00e1sicas o ausencia de contornos dentales acaban influenciando todo el conjunto est\u00e9tico. De esa forma, este caso cl\u00ednico tuvo como objetivo minimizar y mejorar \u00e1reas antiest\u00e9ticas que no fueron solucionadas con blanqueamiento dental y microabrasi\u00f3n. El tratamiento propuesto fue megaabrasi\u00f3n en el diente con hipoplasia profunda y recontorno cosm\u00e9tico en los dientes anterosuperiores.<\/p>\r\n\r\n\r\n\r\n<p>Considerando los productos utilizados fue, primeramente, ejecutada la selecci\u00f3n de color a trav\u00e9s de la esfera de resina compuesta (<a href=\"https:\/\/fgmdentalgroup.com\/latam\/productos-estetica\/vittra-aps\/\">Vittra APS, FGM<\/a>) pre polimerizada. Con el aislamiento absoluto del tipo combinado del campo operatorio, tras selecci\u00f3n del color, se ejecut\u00f3 la megaabrasi\u00f3n en el diente 22 con punta diamantada esf\u00e9rica 1014 (que presentaba la mancha blanca profunda) de forma a presentarse lo m\u00e1s conservador posible.<\/p>\r\n\r\n\r\n\r\n<p>Por consiguiente, fue ejecutada la aplicaci\u00f3n de sistema adhesivo convencional de dos pasos iniciando por el grabado con \u00e1cido fosf\u00f3rico 37% (<a href=\"https:\/\/fgmdentalgroup.com\/latam\/productos-estetica\/condac-37\/\">Condac 37, FGM<\/a>), seguido de aplicaci\u00f3n del Primer\/adhesivo (<a href=\"https:\/\/fgmdentalgroup.com\/latam\/productos-estetica\/ambar-aps\/\">Ambar APS FGM<\/a>) en los dientes (13,12,11,21,22 y 23) que pasaron por la reanatomizaci\u00f3n.<\/p>\r\n\r\n\r\n\r\n<p>Los dientes 13,12,11,21 y 23 fueron reanatomizados con matriz biconvexa y resina compuesta de esmalte (<a href=\"https:\/\/fgmdentalgroup.com\/latam\/productos-estetica\/vittra-aps\/\">E-bleach, Vittra APS, FGM<\/a>) mientras que en el diente 22, fue utilizada resina de dentina (<a href=\"https:\/\/fgmdentalgroup.com\/latam\/productos-estetica\/vittra-aps\/\">DA1, Vittra APS, FGM<\/a>), confecci\u00f3n de los mamelones dentinarios (<a href=\"https:\/\/fgmdentalgroup.com\/latam\/productos-estetica\/vittra-aps\/\">DA0, Vittra APS, FGM<\/a>), resina de efecto (<a href=\"https:\/\/fgmdentalgroup.com\/latam\/productos-estetica\/vittra-aps\/\">VH, Vittra APS, FGM<\/a>) en la regi\u00f3n de halo opaco y resina de esmalte para cobertura (<a href=\"https:\/\/fgmdentalgroup.com\/latam\/productos-estetica\/vittra-aps\/\">E-bleach, Vittra APS, FGM<\/a>).<\/p>\r\n\r\n\r\n\r\n<p>Por fin, se ejecut\u00f3 texturizaci\u00f3n con materiales de acabado como puntas diamantadas de granulaci\u00f3n F\/FF, discos abrasivos del m\u00e1s para el menos granuloso y pulido con discos espirales, posicionando las arestas (l\u00edneas de brillo) y \u00e1reas de espejo y sombra a trav\u00e9s del esparcimiento por el diente adyacente.<\/p>\r\n\r\n\r\n\r\n<p>Considerando el caso expuesto antes, pudimos concluir que se logr\u00f3 resultado cl\u00ednico satisfactorio, mostrando que en el mercado existen materiales capaces de mimetizar la estructura dental y cuando las t\u00e9cnicas son bien ejecutadas se consigue alto resultado est\u00e9tico para el cl\u00ednico y paciente.<\/p>\r\n\r\n\r\n\r\n<h3 class=\"wp-block-heading\">Subt\u00edtulos<\/h3>\r\n\r\n\r\n\r\n<figure class=\"wp-block-image\">\r\n<figure style=\"width: 1920px\" class=\"wp-caption alignnone\"><img fetchpriority=\"high\" decoding=\"async\" title=\"Fig.1: Foto extraoral de la sonrisa inicial.\" src=\"https:\/\/fgmdentalgroup.com\/system\/refinery\/images\/W1siZiIsIjIwMjEvMDUvMjEvMTkvMzEvMTEvZGNiZGFiZmItZDY4My00MTgxLWJmMjQtZWUxYTFhOThkY2MzL0ZpZyAxLmpwZyJdXQ\/Fig%201.jpg\" alt=\"Fig.1: Foto extraoral de la sonrisa inicial.\" width=\"1920\" height=\"1080\" \/><figcaption class=\"wp-caption-text\">Fig.1: Foto extraoral de la sonrisa inicial.<\/figcaption><\/figure>\r\n<\/figure>\r\n\r\n\r\n\r\n<p>&nbsp;<\/p>\r\n\r\n\r\n\r\n<figure class=\"wp-block-image\">\r\n<figure style=\"width: 1920px\" class=\"wp-caption alignnone\"><img decoding=\"async\" title=\"Fig.2: Foto intraoral inicial en m\u00e1xima intercuspidaci\u00f3n habitual.\" src=\"https:\/\/fgmdentalgroup.com\/system\/refinery\/images\/W1siZiIsIjIwMjEvMDUvMjEvMTkvMzEvMzYvM2VlZTBjYTgtNzVhMC00MjFiLWJmZGUtM2VhMmY2MjIwMjJhL0ZpZyAyLmpwZyJdXQ\/Fig%202.jpg\" alt=\"Fig.2: Foto intraoral inicial en m\u00e1xima intercuspidaci\u00f3n habitual.\" width=\"1920\" height=\"1080\" \/><figcaption class=\"wp-caption-text\">Fig.2: Foto intraoral inicial en m\u00e1xima intercuspidaci\u00f3n habitual.<\/figcaption><\/figure>\r\n<\/figure>\r\n\r\n\r\n\r\n<p>&nbsp;<\/p>\r\n\r\n\r\n\r\n<figure class=\"wp-block-image\">\r\n<figure style=\"width: 1920px\" class=\"wp-caption alignnone\"><img decoding=\"async\" title=\"Fig.3: Selecci\u00f3n de color a trav\u00e9s de las esferas pre polimerizadas de los composites colocados en la estructura dental, fotocurados y humedecidos.\" src=\"https:\/\/fgmdentalgroup.com\/system\/refinery\/images\/W1siZiIsIjIwMjEvMDUvMjEvMTkvMzIvMDUvYzhmOTQ1ZTAtMDg4Yi00NWMxLTljYzAtOGNlMDE0YzdkNTMwL0ZpZyAzLmpwZyJdXQ\/Fig%203.jpg\" alt=\"Fig.3: Selecci\u00f3n de color a trav\u00e9s de las esferas pre polimerizadas de los composites colocados en la estructura dental, fotocurados y humedecidos.\" width=\"1920\" height=\"1080\" \/><figcaption class=\"wp-caption-text\">Fig.3: Selecci\u00f3n de color a trav\u00e9s de las esferas pre polimerizadas de los composites colocados en la estructura dental, fotocurados y humedecidos.<\/figcaption><\/figure>\r\n<\/figure>\r\n\r\n\r\n\r\n<p>&nbsp;<\/p>\r\n\r\n\r\n\r\n<figure class=\"wp-block-image\">\r\n<figure style=\"width: 1920px\" class=\"wp-caption alignnone\"><img loading=\"lazy\" decoding=\"async\" title=\"Fig.4: Transiluminaci\u00f3n en el diente 22 para verificaci\u00f3n de la profundidad de la mancha hipopl\u00e1sica.\" src=\"https:\/\/fgmdentalgroup.com\/system\/refinery\/images\/W1siZiIsIjIwMjEvMDUvMjEvMTkvMzIvMjYvZTAzNmVjZTMtMWNhOC00ZTk4LThiMTItMmI0Y2ExMDU0MjkyL0ZpZyA0LmpwZyJdXQ\/Fig%204.jpg\" alt=\"Fig.4: Transiluminaci\u00f3n en el diente 22 para verificaci\u00f3n de la profundidad de la mancha hipopl\u00e1sica.\" width=\"1920\" height=\"1080\" \/><figcaption class=\"wp-caption-text\">Fig.4: Transiluminaci\u00f3n en el diente 22 para verificaci\u00f3n de la profundidad de la mancha hipopl\u00e1sica.<\/figcaption><\/figure>\r\n<\/figure>\r\n\r\n\r\n\r\n<p>&nbsp;<\/p>\r\n\r\n\r\n\r\n<figure class=\"wp-block-image\">\r\n<figure style=\"width: 1920px\" class=\"wp-caption alignnone\"><img loading=\"lazy\" decoding=\"async\" title=\"Fig.5: Aislamiento absoluto del tipo combinado del campo operatorio.\" src=\"https:\/\/fgmdentalgroup.com\/system\/refinery\/images\/W1siZiIsIjIwMjEvMDUvMjEvMTkvMzIvNDcvOGM0OWU4OTUtY2ExMi00NWNjLWE3ZGEtOGFlNDhlMjY3MTM1L0ZpZyA1LmpwZyJdXQ\/Fig%205.jpg\" alt=\"Fig.5: Aislamiento absoluto del tipo combinado del campo operatorio.\" width=\"1920\" height=\"1080\" \/><figcaption class=\"wp-caption-text\">Fig.5: Aislamiento absoluto del tipo combinado del campo operatorio.<\/figcaption><\/figure>\r\n<\/figure>\r\n\r\n\r\n\r\n<p>&nbsp;<\/p>\r\n\r\n\r\n\r\n<figure class=\"wp-block-image\">\r\n<figure style=\"width: 1920px\" class=\"wp-caption alignnone\"><img loading=\"lazy\" decoding=\"async\" title=\"Fig.6: Prueba de la punta diamantada 1014 con el tama\u00f1o de la mancha hipopl\u00e1sica.\" src=\"https:\/\/fgmdentalgroup.com\/system\/refinery\/images\/W1siZiIsIjIwMjEvMDUvMjEvMTkvMzMvMTkvMzc1MWY2YWYtYzk0My00MTY2LTgwZDMtZWRkZWVmOTkzMjMxL0ZpZyA2LmpwZyJdXQ\/Fig%206.jpg\" alt=\"Fig.6: Prueba de la punta diamantada 1014 con el tama\u00f1o de la mancha hipopl\u00e1sica.\" width=\"1920\" height=\"1080\" \/><figcaption class=\"wp-caption-text\">Fig.6: Prueba de la punta diamantada 1014 con el tama\u00f1o de la mancha hipopl\u00e1sica.<\/figcaption><\/figure>\r\n<\/figure>\r\n\r\n\r\n\r\n<p>&nbsp;<\/p>\r\n\r\n\r\n\r\n<figure class=\"wp-block-image\">\r\n<figure style=\"width: 1920px\" class=\"wp-caption alignnone\"><img loading=\"lazy\" decoding=\"async\" title=\"Fig.7: Vista aproximada de la punta diamantada con el tama\u00f1o del \u00e1rea hipopl\u00e1sica.\" src=\"https:\/\/fgmdentalgroup.com\/system\/refinery\/images\/W1siZiIsIjIwMjEvMDUvMjEvMTkvNDYvNTQvOGNjMGU4ZTItMzIxYS00MDg3LThkYjEtNTRkYTA0ZWMwNTAzL0ZpZyA3LmpwZyJdXQ\/Fig%207.jpg\" alt=\"Fig.7: Vista aproximada de la punta diamantada con el tama\u00f1o del \u00e1rea hipopl\u00e1sica.\" width=\"1920\" height=\"1080\" \/><figcaption class=\"wp-caption-text\">Fig.7: Vista aproximada de la punta diamantada con el tama\u00f1o del \u00e1rea hipopl\u00e1sica.<\/figcaption><\/figure>\r\n<\/figure>\r\n\r\n\r\n\r\n<p>&nbsp;<\/p>\r\n\r\n\r\n\r\n<figure class=\"wp-block-image\">\r\n<figure style=\"width: 1920px\" class=\"wp-caption alignnone\"><img loading=\"lazy\" decoding=\"async\" title=\"Fig.8: Retirada de la mancha hipopl\u00e1sica del diente 22.\" src=\"https:\/\/fgmdentalgroup.com\/system\/refinery\/images\/W1siZiIsIjIwMjEvMDUvMjQvMTMvNTQvMzUvZDE4MjU3MjYtNjM3Zi00ZWY4LThkNWYtZmI4OTBjN2RmMzIzL0ZpZyA4LmpwZyJdXQ\/Fig%208.jpg\" alt=\"Fig.8: Retirada de la mancha hipopl\u00e1sica del diente 22.\" width=\"1920\" height=\"1080\" \/><figcaption class=\"wp-caption-text\">Fig.8: Retirada de la mancha hipopl\u00e1sica del diente 22.<\/figcaption><\/figure>\r\n<\/figure>\r\n\r\n\r\n\r\n<p>&nbsp;<\/p>\r\n\r\n\r\n\r\n<figure class=\"wp-block-image\">\r\n<figure style=\"width: 1920px\" class=\"wp-caption alignnone\"><img loading=\"lazy\" decoding=\"async\" title=\"Fig.9: Grabado con \u00e1cido fosf\u00f3rico a 37% (Condac 37) en los dientes a ser reanatomizados.\" src=\"https:\/\/fgmdentalgroup.com\/system\/refinery\/images\/W1siZiIsIjIwMjEvMDUvMjQvMTMvNTUvMzQvMTgyNjI2MWMtN2FkYi00MzQxLTlmZmItMjViYmJiODg5YWJmL0ZpZyA5LmpwZyJdXQ\/Fig%209.jpg\" alt=\"Fig.9: Grabado con \u00e1cido fosf\u00f3rico a 37% (Condac 37) en los dientes a ser reanatomizados.\" width=\"1920\" height=\"1080\" \/><figcaption class=\"wp-caption-text\">Fig.9: Grabado con \u00e1cido fosf\u00f3rico a 37% (Condac 37) en los dientes a ser reanatomizados.<\/figcaption><\/figure>\r\n<\/figure>\r\n\r\n\r\n\r\n<p>&nbsp;<\/p>\r\n\r\n\r\n\r\n<figure class=\"wp-block-image\">\r\n<figure style=\"width: 1920px\" class=\"wp-caption alignnone\"><img loading=\"lazy\" decoding=\"async\" title=\"Fig.10: Aplicaci\u00f3n del Primer\/adhesivo (Ambar APS) en los dientes que fueron grabados.\" src=\"https:\/\/fgmdentalgroup.com\/system\/refinery\/images\/W1siZiIsIjIwMjEvMDUvMjQvMTMvNTUvNTgvNzI3ZTRiOWMtOWQzNC00NjY0LTk5OGEtNjIzNjNhYTdhZDM5L0ZpZyAxMC5qcGciXV0\/Fig%2010.jpg\" alt=\"Fig.10: Aplicaci\u00f3n del Primer\/adhesivo (Ambar APS) en los dientes que fueron grabados.\" width=\"1920\" height=\"1080\" \/><figcaption class=\"wp-caption-text\">Fig.10: Aplicaci\u00f3n del Primer\/adhesivo (Ambar APS) en los dientes que fueron grabados.<\/figcaption><\/figure>\r\n<\/figure>\r\n\r\n\r\n\r\n<p>&nbsp;<\/p>\r\n\r\n\r\n\r\n<figure class=\"wp-block-image\">\r\n<figure style=\"width: 1920px\" class=\"wp-caption alignnone\"><img loading=\"lazy\" decoding=\"async\" title=\"Fig.11: Inserci\u00f3n del incremento de dentina (DA1, Vittra APS) en el diente 22.\" src=\"https:\/\/fgmdentalgroup.com\/system\/refinery\/images\/W1siZiIsIjIwMjEvMDUvMjQvMTMvNTYvMjYvMzIyMjE3NmYtZmZjNC00MTZiLTkzY2UtYzhhODRhMjJhY2IyL0ZpZyAxMS5qcGciXV0\/Fig%2011.jpg\" alt=\"Fig.11: Inserci\u00f3n del incremento de dentina (DA1, Vittra APS) en el diente 22.\" width=\"1920\" height=\"1080\" \/><figcaption class=\"wp-caption-text\">Fig.11: Inserci\u00f3n del incremento de dentina (DA1, Vittra APS) en el diente 22.<\/figcaption><\/figure>\r\n<\/figure>\r\n\r\n\r\n\r\n<p>&nbsp;<\/p>\r\n\r\n\r\n\r\n<figure class=\"wp-block-image\">\r\n<figure style=\"width: 1920px\" class=\"wp-caption alignnone\"><img loading=\"lazy\" decoding=\"async\" title=\"Fig.12: Inserci\u00f3n del incremento de esmalte como \u00faltima camada (E-bleach, Vittra APS) en el diente 22.\" src=\"https:\/\/fgmdentalgroup.com\/system\/refinery\/images\/W1siZiIsIjIwMjEvMDUvMjQvMTMvNTYvNDcvMjI2ZDFmM2MtMDJjNS00NTZiLWE2ZWEtNjM0ZmQ1NTM4NTJhL0ZpZyAxMi5qcGciXV0\/Fig%2012.jpg\" alt=\"Fig.12: Inserci\u00f3n del incremento de esmalte como \u00faltima camada (E-bleach, Vittra APS) en el diente 22.\" width=\"1920\" height=\"1080\" \/><figcaption class=\"wp-caption-text\">Fig.12: Inserci\u00f3n del incremento de esmalte como \u00faltima camada (E-bleach, Vittra APS) en el diente 22.<\/figcaption><\/figure>\r\n<\/figure>\r\n\r\n\r\n\r\n<p>&nbsp;<\/p>\r\n\r\n\r\n\r\n<figure class=\"wp-block-image\">\r\n<figure style=\"width: 1920px\" class=\"wp-caption alignnone\"><img loading=\"lazy\" decoding=\"async\" title=\"Fig.13: Reanatomizaci\u00f3n de la faz distal del diente 21 con matriz biconvexa.\" src=\"https:\/\/fgmdentalgroup.com\/system\/refinery\/images\/W1siZiIsIjIwMjEvMDUvMjQvMTMvNTcvMDgvNjY1NWMxNWEtMGQwNi00NjY5LTk1NjItNjI5ZTUxZTMyZmE4L0ZpZyAxMy5qcGciXV0\/Fig%2013.jpg\" alt=\"Fig.13: Reanatomizaci\u00f3n de la faz distal del diente 21 con matriz biconvexa.\" width=\"1920\" height=\"1080\" \/><figcaption class=\"wp-caption-text\">Fig.13: Reanatomizaci\u00f3n de la faz distal del diente 21 con matriz biconvexa.<\/figcaption><\/figure>\r\n<\/figure>\r\n\r\n\r\n\r\n<p>&nbsp;<\/p>\r\n\r\n\r\n\r\n<figure class=\"wp-block-image\">\r\n<figure style=\"width: 1920px\" class=\"wp-caption alignnone\"><img loading=\"lazy\" decoding=\"async\" title=\"Fig.14: Reanatomizaci\u00f3n de la faz mesial del diente 21 con matriz biconvexa.\" src=\"https:\/\/fgmdentalgroup.com\/system\/refinery\/images\/W1siZiIsIjIwMjEvMDUvMjQvMTMvNTcvNDIvM2NiNGRlMDUtNTI5ZC00MjBlLTg1NjgtNjg0ZmQwMzUwYjgzL0ZpZyAxNC5qcGciXV0\/Fig%2014.jpg\" alt=\"Fig.14: Reanatomizaci\u00f3n de la faz mesial del diente 21 con matriz biconvexa.\" width=\"1920\" height=\"1080\" \/><figcaption class=\"wp-caption-text\">Fig.14: Reanatomizaci\u00f3n de la faz mesial del diente 21 con matriz biconvexa.<\/figcaption><\/figure>\r\n<\/figure>\r\n\r\n\r\n\r\n<p>&nbsp;<\/p>\r\n\r\n\r\n\r\n<figure class=\"wp-block-image\">\r\n<figure style=\"width: 1920px\" class=\"wp-caption alignnone\"><img loading=\"lazy\" decoding=\"async\" title=\"Fig.15: Contornos dentales de los dientes anteriores ya restablecidos.\" src=\"https:\/\/fgmdentalgroup.com\/system\/refinery\/images\/W1siZiIsIjIwMjEvMDUvMjQvMTMvNTgvMjcvOTE0NDg2NWEtZDUwMy00NmI0LTk4YTEtNGIwZGYzOTFjZjg2L0ZpZyAxNS5qcGciXV0\/Fig%2015.jpg\" alt=\"Fig.15: Contornos dentales de los dientes anteriores ya restablecidos.\" width=\"1920\" height=\"1080\" \/><figcaption class=\"wp-caption-text\">Fig.15: Contornos dentales de los dientes anteriores ya restablecidos.<\/figcaption><\/figure>\r\n<\/figure>\r\n\r\n\r\n\r\n<p>&nbsp;<\/p>\r\n\r\n\r\n\r\n<figure class=\"wp-block-image\">\r\n<figure style=\"width: 1920px\" class=\"wp-caption alignnone\"><img loading=\"lazy\" decoding=\"async\" title=\"Fig.16: Marcaci\u00f3n con l\u00e1piz de color y definici\u00f3n de las arestas de brillo.\" src=\"https:\/\/fgmdentalgroup.com\/system\/refinery\/images\/W1siZiIsIjIwMjEvMDUvMjQvMTMvNTgvNTEvODhjNWZkMTgtN2Y2My00NzU3LWI0MWQtMTA0NTA4NDk5MGJkL0ZpZyAxNi5qcGciXV0\/Fig%2016.jpg\" alt=\"Fig.16: Marcaci\u00f3n con l\u00e1piz de color y definici\u00f3n de las arestas de brillo.\" width=\"1920\" height=\"1080\" \/><figcaption class=\"wp-caption-text\">Fig.16: Marcaci\u00f3n con l\u00e1piz de color y definici\u00f3n de las arestas de brillo.<\/figcaption><\/figure>\r\n<\/figure>\r\n\r\n\r\n\r\n<p>&nbsp;<\/p>\r\n\r\n\r\n\r\n<figure class=\"wp-block-image\">\r\n<figure style=\"width: 1920px\" class=\"wp-caption alignnone\"><img loading=\"lazy\" decoding=\"async\" title=\"Fig.17: Vista aproximada de los contornos dentales restablecidos.\" src=\"https:\/\/fgmdentalgroup.com\/system\/refinery\/images\/W1siZiIsIjIwMjEvMDUvMjQvMTMvNTkvMzAvNjBlOGVlMjItNWVlOS00MWIzLThlMWQtYmVmOWNhMTBkNzdmL0ZpZyAxNy5qcGciXV0\/Fig%2017.jpg\" alt=\"Fig.17: Vista aproximada de los contornos dentales restablecidos.\" width=\"1920\" height=\"1080\" \/><figcaption class=\"wp-caption-text\">Fig.17: Vista aproximada de los contornos dentales restablecidos.<\/figcaption><\/figure>\r\n<\/figure>\r\n\r\n\r\n\r\n<p>&nbsp;<\/p>\r\n\r\n\r\n\r\n<figure class=\"wp-block-image\">\r\n<figure style=\"width: 1920px\" class=\"wp-caption alignnone\"><img loading=\"lazy\" decoding=\"async\" title=\"Fig.18: Foto intraoral en m\u00e1xima intercuspidaci\u00f3n habitual con los contornos de los dientes anteriores restablecidos presentando la mimetizaci\u00f3n de los composites con las estructuras dentales.\" src=\"https:\/\/fgmdentalgroup.com\/system\/refinery\/images\/W1siZiIsIjIwMjEvMDUvMjQvMTMvNTkvNTQvYmEwNzk4NWItNGE1My00N2IyLWI5ZGMtZWE2ZDBlMWRkNWUzL0ZpZyAxOC5qcGciXV0\/Fig%2018.jpg\" alt=\"Fig.18: Foto intraoral en m\u00e1xima intercuspidaci\u00f3n habitual con los contornos de los dientes anteriores restablecidos presentando la mimetizaci\u00f3n de los composites con las estructuras dentales.\" width=\"1920\" height=\"1080\" \/><figcaption class=\"wp-caption-text\">Fig.18: Foto intraoral en m\u00e1xima intercuspidaci\u00f3n habitual con los contornos de los dientes anteriores restablecidos presentando la mimetizaci\u00f3n de los composites con las estructuras dentales.<\/figcaption><\/figure>\r\n<\/figure>\r\n\r\n\r\n\r\n<p>&nbsp;<\/p>\r\n\r\n\r\n\r\n<figure class=\"wp-block-image\">\r\n<figure style=\"width: 1920px\" class=\"wp-caption alignnone\"><img loading=\"lazy\" decoding=\"async\" title=\"Fig. 19: Aspecto inicial (E) y final de la sonrisa (D).\" src=\"https:\/\/fgmdentalgroup.com\/system\/refinery\/images\/W1siZiIsIjIwMjEvMDUvMjQvMTQvMDEvMTUvZTc2NmI0YjEtMTU5OC00Mzg5LTk4ZTYtNzMyYWY2Zjc3Njc3L0ZpZyAxOS5qcGciXV0\/Fig%2019.jpg\" alt=\"Fig. 19: Aspecto inicial (E) y final de la sonrisa (D).\" width=\"1920\" height=\"1080\" \/><figcaption class=\"wp-caption-text\">Fig. 19: Aspecto inicial (E) y final de la sonrisa (D).<\/figcaption><\/figure>\r\n<\/figure>\r\n\r\n\r\n\r\n<p>&nbsp;<\/p>\r\n\r\n\r\n\r\n<figure class=\"wp-block-image\">\r\n<figure style=\"width: 1920px\" class=\"wp-caption alignnone\"><img loading=\"lazy\" decoding=\"async\" title=\"Fig.20: Vista aproximada de los contornos dentales restablecidos.\" src=\"https:\/\/fgmdentalgroup.com\/system\/refinery\/images\/W1siZiIsIjIwMjEvMDUvMjQvMTQvMDEvMzUvMzA2MWEzNWUtOTRhZS00ZDU5LTk1YzAtNTIxMjYxMTIwZmMwL0ZpZyAyMC5qcGciXV0\/Fig%2020.jpg\" alt=\"Fig.20: Vista aproximada de los contornos dentales restablecidos.\" width=\"1920\" height=\"1080\" \/><figcaption class=\"wp-caption-text\">Fig.20: Vista aproximada de los contornos dentales restablecidos.<\/figcaption><\/figure>\r\n<\/figure>\r\n\r\n\r\n\r\n<p>&nbsp;<\/p>\r\n\r\n\r\n\r\n<figure class=\"wp-block-image\">\r\n<figure style=\"width: 1920px\" class=\"wp-caption alignnone\"><img loading=\"lazy\" decoding=\"async\" title=\"Fig.21: Vista lateral de la sonrisa finalizada\" src=\"https:\/\/fgmdentalgroup.com\/system\/refinery\/images\/W1siZiIsIjIwMjEvMDUvMjQvMTQvMDEvNTcvNmE5OTFjMDgtYTM4MC00MzcyLThkMzctYmE3N2U5OTkwNTBkL0ZpZyAyMS5qcGciXV0\/Fig%2021.jpg\" alt=\"Fig.21: Vista lateral de la sonrisa finalizada\" width=\"1920\" height=\"1080\" \/><figcaption class=\"wp-caption-text\">Fig.21: Vista lateral de la sonrisa finalizada<\/figcaption><\/figure>\r\n<\/figure>\r\n\r\n\r\n\r\n<p>&nbsp;<\/p>\r\n\r\n\r\n\r\n<p>&nbsp;<\/p>\r\n","protected":false},"excerpt":{"rendered":"<p>Autores: Gregori Franco Boeira; Giulia Tarquino Demarco; Lisia Lorea Valente Paciente:\u00a0sexo feminino G.T.D, 21 a\u00f1os. Queja Principal:\u00a0\u201cInsatisfacci\u00f3n est\u00e9tica por los manchados hipopl\u00e1sicos y contornos dentales alterados que dejaban la sonrisa infantil\u201d. EVALUACI\u00d3N CL\u00cdNICA\/RADIOGR\u00c1FICA INICIAL Tras una anamnesis, evaluaci\u00f3n cl\u00ednica y radiogr\u00e1fica detallada, complementada con transiluminaci\u00f3n del elemento 22, se observ\u00f3 que la paciente presentaba manchados [&hellip;]<\/p>\n","protected":false},"author":15,"featured_media":356250,"comment_status":"closed","ping_status":"closed","sticky":false,"template":"","format":"standard","meta":{"footnotes":""},"categories":[1178],"tags":[],"produto-relacionado":[],"categoria-post":[26],"linha-de-atuacao":[478],"class_list":["post-356222","post","type-post","status-publish","format-standard","has-post-thumbnail","hentry","category-post","categoria-post-casos-clinicos","linha-de-atuacao-produto-estetica-latam"],"_links":{"self":[{"href":"https:\/\/fgmdentalgroup.com\/latam\/wp-json\/wp\/v2\/posts\/356222"}],"collection":[{"href":"https:\/\/fgmdentalgroup.com\/latam\/wp-json\/wp\/v2\/posts"}],"about":[{"href":"https:\/\/fgmdentalgroup.com\/latam\/wp-json\/wp\/v2\/types\/post"}],"author":[{"embeddable":true,"href":"https:\/\/fgmdentalgroup.com\/latam\/wp-json\/wp\/v2\/users\/15"}],"replies":[{"embeddable":true,"href":"https:\/\/fgmdentalgroup.com\/latam\/wp-json\/wp\/v2\/comments?post=356222"}],"version-history":[{"count":0,"href":"https:\/\/fgmdentalgroup.com\/latam\/wp-json\/wp\/v2\/posts\/356222\/revisions"}],"wp:featuredmedia":[{"embeddable":true,"href":"https:\/\/fgmdentalgroup.com\/latam\/wp-json\/wp\/v2\/media\/356250"}],"wp:attachment":[{"href":"https:\/\/fgmdentalgroup.com\/latam\/wp-json\/wp\/v2\/media?parent=356222"}],"wp:term":[{"taxonomy":"category","embeddable":true,"href":"https:\/\/fgmdentalgroup.com\/latam\/wp-json\/wp\/v2\/categories?post=356222"},{"taxonomy":"post_tag","embeddable":true,"href":"https:\/\/fgmdentalgroup.com\/latam\/wp-json\/wp\/v2\/tags?post=356222"},{"taxonomy":"produto-relacionado","embeddable":true,"href":"https:\/\/fgmdentalgroup.com\/latam\/wp-json\/wp\/v2\/produto-relacionado?post=356222"},{"taxonomy":"categoria-post","embeddable":true,"href":"https:\/\/fgmdentalgroup.com\/latam\/wp-json\/wp\/v2\/categoria-post?post=356222"},{"taxonomy":"linha-de-atuacao","embeddable":true,"href":"https:\/\/fgmdentalgroup.com\/latam\/wp-json\/wp\/v2\/linha-de-atuacao?post=356222"}],"curies":[{"name":"wp","href":"https:\/\/api.w.org\/{rel}","templated":true}]}}