{"id":356141,"date":"2021-06-16T01:47:32","date_gmt":"2021-06-16T04:47:32","guid":{"rendered":"https:\/\/fgmdentalgroup.com\/?p=356141"},"modified":"2023-03-27T09:17:35","modified_gmt":"2023-03-27T12:17:35","slug":"confeccion-de-attachments-para-alineadores-ortodonticos-con-la-resina-camaleon-vittra-aps-unique","status":"publish","type":"post","link":"https:\/\/fgmdentalgroup.com\/latam\/blog\/posts\/confeccion-de-attachments-para-alineadores-ortodonticos-con-la-resina-camaleon-vittra-aps-unique\/","title":{"rendered":"Confecci\u00f3n de attachments para alineadores ortod\u00f3nticos con la resina camale\u00f3n Vittra APS Unique"},"content":{"rendered":"\r\n<p><em>Autores: Manoela Almeida\u00b9, Paulo Ruas\u00b2 y Edgard Belladonna\u00b3<\/em><\/p>\r\n\r\n\r\n\r\n<ol class=\"wp-block-list\">\r\n<li><em>Especialista en Ortodoncia<\/em><\/li>\r\n\r\n\r\n\r\n<li><em>Especialista en Pr\u00f3tesis Dentarias<\/em><\/li>\r\n\r\n\r\n\r\n<li><em>M\u00e1ster en Implantolog\u00eda y Especialista en Pr\u00f3tesis Dentarias<\/em><\/li>\r\n<\/ol>\r\n\r\n\r\n\r\n<h3 class=\"wp-block-heading\">Relato de caso<\/h3>\r\n\r\n\r\n\r\n<p>Paciente del sexo femenino nos busc\u00f3 en cl\u00ednica particular relatando insatisfacci\u00f3n con la sonrisa, principalmente en virtud del incisivo lateral derecho superior, que frecuentemente asum\u00eda coloraci\u00f3n m\u00e1s oscura en las fotograf\u00edas sociales. Relata ya haber utilizado ortodoncia fija hace algunos a\u00f1os.<\/p>\r\n\r\n\r\n\r\n<p>En el examen cl\u00ednico fue observado que el elemento 12 no presentaba alteraci\u00f3n de color pero, por estar palatinizado respecto a los dientes adyacentes, recibe menos luz, trayendo la sensaci\u00f3n de ser m\u00e1s oscuro.<\/p>\r\n\r\n\r\n\r\n<p>Al proponerle el tratamiento ortod\u00f3ntico para correcci\u00f3n, la paciente relat\u00f3 no estar inclinada a hacerlo, pero estuvo de acuerdo cuando le presentamos la opci\u00f3n del uso de alineadores invisibles por el hecho de ser m\u00e1s confortable y m\u00e1s est\u00e9tico. \u00c9sta present\u00f3 preocupaci\u00f3n respecto a la interferencia est\u00e9tica de los attachments (dispositivos confeccionados en resina para auxilio en el movimiento dental). En virtud de ello, le presentamos la\u00a0<a href=\"https:\/\/fgmdentalgroup.com\/latam\/produtos-estetica\/vittra-aps-unique\">resina Vittra APS Unique (FGM)<\/a>, que conseguir\u00eda mimetizar de forma muy natural el color del diente, lo que la dej\u00f3 mucho m\u00e1s tranquila y con confianza en el tratamiento.<\/p>\r\n\r\n\r\n\r\n<h3 class=\"wp-block-heading\">Im\u00e1genes<\/h3>\r\n\r\n\r\n\r\n<figure class=\"wp-block-image\">\r\n<figure style=\"width: 1024px\" class=\"wp-caption alignnone\"><img fetchpriority=\"high\" decoding=\"async\" title=\"Figura 1- Aspecto inicial\" src=\"https:\/\/fgmdentalgroup.com\/system\/refinery\/images\/W1siZiIsIjIwMjEvMDYvMTQvMTgvMjgvMjQvNzI5MGE2MjItNWFiNS00OThmLThjY2YtNzdiYmY5ZDQ1ZjE3LzAxLmpwZyJdXQ\/01.jpg\" alt=\"Figura 1- Aspecto inicial\" width=\"1024\" height=\"683\" \/><figcaption class=\"wp-caption-text\">Figura 1- Aspecto inicial<\/figcaption><\/figure>\r\n<\/figure>\r\n\r\n\r\n\r\n<p>&nbsp;<\/p>\r\n\r\n\r\n\r\n<figure class=\"wp-block-image\">\r\n<figure style=\"width: 1024px\" class=\"wp-caption alignnone\"><img decoding=\"async\" title=\"Figura 2- Grabado del esmalte con \u00e1cido fosf\u00f3rico 37%\" src=\"https:\/\/fgmdentalgroup.com\/system\/refinery\/images\/W1siZiIsIjIwMjEvMDYvMTQvMTgvMzEvMjIvNTQ3MDBmYTQtMDA1Mi00MGEzLTg2MzctODFmNjNiYTU3ZGQ2LzAyLTEuanBnIl1d\/02-1.jpg\" alt=\"Figura 2- Grabado del esmalte con \u00e1cido fosf\u00f3rico 37%\" width=\"1024\" height=\"683\" \/><figcaption class=\"wp-caption-text\">Figura 2- Grabado del esmalte con \u00e1cido fosf\u00f3rico 37%<\/figcaption><\/figure>\r\n<\/figure>\r\n\r\n\r\n\r\n<p>&nbsp;<\/p>\r\n\r\n\r\n\r\n<figure class=\"wp-block-image\">\r\n<figure style=\"width: 1024px\" class=\"wp-caption alignnone\"><img decoding=\"async\" title=\"Figura 3- Aguardo de 15 segundos para retirada del \u00e1cido\" src=\"https:\/\/fgmdentalgroup.com\/system\/refinery\/images\/W1siZiIsIjIwMjEvMDYvMTQvMTgvMzIvMDIvMWFiNjI1ZjgtZjA0OC00OGZjLTk0MmUtNjgyM2VlODMwZTI1LzAyLTQuanBnIl1d\/02-4.jpg\" alt=\"Figura 3- Aguardo de 15 segundos para retirada del \u00e1cido\" width=\"1024\" height=\"385\" \/><figcaption class=\"wp-caption-text\">Figura 3- Aguardo de 15 segundos para retirada del \u00e1cido<\/figcaption><\/figure>\r\n<\/figure>\r\n\r\n\r\n\r\n<p>&nbsp;<\/p>\r\n\r\n\r\n\r\n<figure class=\"wp-block-image\">\r\n<figure style=\"width: 1024px\" class=\"wp-caption alignnone\"><img loading=\"lazy\" decoding=\"async\" title=\"Figura 4- Aislamiento de la parte interna del template con glicerina\" src=\"https:\/\/fgmdentalgroup.com\/system\/refinery\/images\/W1siZiIsIjIwMjEvMDYvMTQvMTgvMzIvMjcvYWI1MDhiNzQtYTExYy00OTlhLWEzZGYtM2Q1YjFjNWI3NjYxLzAzLmpwZyJdXQ\/03.jpg\" alt=\"\" width=\"1024\" height=\"683\"><figcaption class=\"wp-caption-text\">Figura 4- Aislamiento de la parte interna del template con glicerina<\/figcaption><\/figure>\r\n<\/figure>\r\n\r\n\r\n\r\n<p>&nbsp;<\/p>\r\n\r\n\r\n\r\n<figure class=\"wp-block-image\">\r\n<figure style=\"width: 1024px\" class=\"wp-caption alignnone\"><img loading=\"lazy\" decoding=\"async\" title=\"Figura 5- Aplicaci\u00f3n del adhesivo de aspecto incoloro Ambar Universal APS (FGM) sobre el esmalte\" src=\"https:\/\/fgmdentalgroup.com\/system\/refinery\/images\/W1siZiIsIjIwMjEvMDYvMTQvMTgvMzMvMDEvZjM1NTQwYmEtMThkMS00Y2E2LTllODMtNzJjNGIwMzE0ZWI4LzA0LTEuanBnIl1d\/04-1.jpg\" alt=\"Figura 5- Aplicaci\u00f3n del adhesivo de aspecto incoloro Ambar Universal APS (FGM) sobre el esmalte\" width=\"1024\" height=\"1058\" \/><figcaption class=\"wp-caption-text\">Figura 5- Aplicaci\u00f3n del adhesivo de aspecto incoloro\u00a0Ambar Universal APS (FGM)\u00a0sobre el esmalte<\/figcaption><\/figure>\r\n<\/figure>\r\n\r\n\r\n\r\n<p>&nbsp;<\/p>\r\n\r\n\r\n\r\n<figure class=\"wp-block-image\">\r\n<figure style=\"width: 1024px\" class=\"wp-caption alignnone\"><img loading=\"lazy\" decoding=\"async\" title=\"Figura 6- Fotoactivaci\u00f3n del adhesivo\" src=\"https:\/\/fgmdentalgroup.com\/system\/refinery\/images\/W1siZiIsIjIwMjEvMDYvMTQvMTgvMzMvMzMvNDI0YThiYmYtMDgzZi00M2M4LWEwZmQtMzVhZTc0MWYyZGRmLzA1LmpwZyJdXQ\/05.jpg\" alt=\"Figura 6- Fotoactivaci\u00f3n del adhesivo\" width=\"1024\" height=\"448\" \/><figcaption class=\"wp-caption-text\">Figura 6- Fotoactivaci\u00f3n del adhesivo<\/figcaption><\/figure>\r\n<\/figure>\r\n\r\n\r\n\r\n<p>&nbsp;<\/p>\r\n\r\n\r\n\r\n<figure class=\"wp-block-image\">\r\n<figure style=\"width: 1024px\" class=\"wp-caption alignnone\"><img loading=\"lazy\" decoding=\"async\" title=\"Figura 7- Resina Vittra APS Unique (FGM)\" src=\"https:\/\/fgmdentalgroup.com\/system\/refinery\/images\/W1siZiIsIjIwMjEvMDYvMTQvMTgvMzQvMjkvODcyZmJjZDgtZTliZC00YTdmLWJkOTAtZWQ4MWM2MTdlYWQ5L0lNR18wNzc1LmpwZyJdXQ\/IMG_0775.jpg\" alt=\"Figura 7- Resina Vittra APS Unique (FGM)\" width=\"1024\" height=\"683\" \/><figcaption class=\"wp-caption-text\">Figura 7-\u00a0Resina Vittra APS Unique (FGM)<\/figcaption><\/figure>\r\n<\/figure>\r\n\r\n\r\n\r\n<p>&nbsp;<\/p>\r\n\r\n\r\n\r\n<figure class=\"wp-block-image\">\r\n<figure style=\"width: 1024px\" class=\"wp-caption alignnone\"><img loading=\"lazy\" decoding=\"async\" title=\"Figura 8- Inserci\u00f3n de la resina Vittra APS Unique (FGM) en las lagunas del template\" src=\"https:\/\/fgmdentalgroup.com\/system\/refinery\/images\/W1siZiIsIjIwMjEvMDYvMTQvMTgvMzUvMzUvZjBmZTZlNjYtZmI5NC00NTc5LTgxMDQtZTI0NDk4MzY4Y2Q4L0lNR18wNzc3LmpwZyJdXQ\/IMG_0777.jpg\" alt=\"Figura 8- Inserci\u00f3n de la resina Vittra APS Unique (FGM) en las lagunas del template\" width=\"1024\" height=\"683\" \/><figcaption class=\"wp-caption-text\">Figura 8- Inserci\u00f3n de la\u00a0resina Vittra APS Unique (FGM)\u00a0en las lagunas del template<\/figcaption><\/figure>\r\n<\/figure>\r\n\r\n\r\n\r\n<p>&nbsp;<\/p>\r\n\r\n\r\n\r\n<figure class=\"wp-block-image\">\r\n<figure style=\"width: 1024px\" class=\"wp-caption alignnone\"><img loading=\"lazy\" decoding=\"async\" title=\"Figura 9- Posicionamiento del template con la resina sobre la arcada de la paciente\" src=\"https:\/\/fgmdentalgroup.com\/system\/refinery\/images\/W1siZiIsIjIwMjEvMDYvMTQvMTgvMzYvMjIvNmI5MzA3MTEtZGNjMi00ZmMyLWE1OGYtZTAyMjJhOTc2NzEwLzA2LTEuanBnIl1d\/06-1.jpg\" alt=\"Figura 9- Posicionamiento del template con la resina sobre la arcada de la paciente\" width=\"1024\" height=\"427\" \/><figcaption class=\"wp-caption-text\">Figura 9- Posicionamiento del template con la resina sobre la arcada de la paciente<\/figcaption><\/figure>\r\n<\/figure>\r\n\r\n\r\n\r\n<p>&nbsp;<\/p>\r\n\r\n\r\n\r\n<figure class=\"wp-block-image\">\r\n<figure style=\"width: 1024px\" class=\"wp-caption alignnone\"><img loading=\"lazy\" decoding=\"async\" title=\"Figura 10 - Aspecto inmediato despu\u00e9s de fotoactivaci\u00f3n y retirada del template\" src=\"https:\/\/fgmdentalgroup.com\/system\/refinery\/images\/W1siZiIsIjIwMjEvMDYvMTQvMTgvMzYvNDUvNWNiODhkNGEtNmY4MC00ZGI2LTk1NzItMzYzZjA5NzI5MzQwLzA2LTIuanBnIl1d\/06-2.jpg\" alt=\"Figura 10 - Aspecto inmediato despu\u00e9s de fotoactivaci\u00f3n y retirada del template\" width=\"1024\" height=\"454\" \/><figcaption class=\"wp-caption-text\">Figura 10 &#8211; Aspecto inmediato despu\u00e9s de fotoactivaci\u00f3n y retirada del template<\/figcaption><\/figure>\r\n<\/figure>\r\n\r\n\r\n\r\n<p>&nbsp;<\/p>\r\n\r\n\r\n\r\n<figure class=\"wp-block-image\">\r\n<figure style=\"width: 1024px\" class=\"wp-caption alignnone\"><img loading=\"lazy\" decoding=\"async\" title=\"Figura 11- Visi\u00f3n de perfil\" src=\"https:\/\/fgmdentalgroup.com\/system\/refinery\/images\/W1siZiIsIjIwMjEvMDYvMTQvMTgvMzcvMDkvNWI0MmQ5ZGUtMTQxNi00MGVhLTg0YzYtNDAxMmUyZDM1ODdiL0lNR18wNzMyLmpwZyJdXQ\/IMG_0732.jpg\" alt=\"Figura 11- Visi\u00f3n de perfil\" width=\"1024\" height=\"683\" \/><figcaption class=\"wp-caption-text\">Figura 11- Visi\u00f3n de perfil<\/figcaption><\/figure>\r\n<\/figure>\r\n\r\n\r\n\r\n<p>&nbsp;<\/p>\r\n\r\n\r\n\r\n<figure class=\"wp-block-image\">\r\n<figure style=\"width: 1024px\" class=\"wp-caption alignnone\"><img loading=\"lazy\" decoding=\"async\" title=\"Figura 12 \u2013 Retirada de los excesos de resina\" src=\"https:\/\/fgmdentalgroup.com\/system\/refinery\/images\/W1siZiIsIjIwMjEvMDYvMTQvMTgvMzcvMzUvOTQ5NTUyODUtZWE3NS00YTQ2LWIzYzItMjMyYWZjNjJhZDMyLzA3LmpwZyJdXQ\/07.jpg\" alt=\"Figura 12 \u2013 Retirada de los excesos de resina\" width=\"1024\" height=\"616\" \/><figcaption class=\"wp-caption-text\">Figura 12 \u2013 Retirada de los excesos de resina<\/figcaption><\/figure>\r\n<\/figure>\r\n\r\n\r\n\r\n<p>&nbsp;<\/p>\r\n\r\n\r\n\r\n<figure class=\"wp-block-image\">\r\n<figure style=\"width: 1024px\" class=\"wp-caption alignnone\"><img loading=\"lazy\" decoding=\"async\" title=\"Figura 13 - Aspecto final\" src=\"https:\/\/fgmdentalgroup.com\/system\/refinery\/images\/W1siZiIsIjIwMjEvMDYvMTQvMTgvMzgvMTcvNDZiMmE4MDktYjAxNC00MzBlLTg1ZDgtOWFiZWRjNjUyMmIxLzA4LTEuanBnIl1d\/08-1.jpg\" alt=\"Figura 13 - Aspecto final\" width=\"1024\" height=\"436\" \/><figcaption class=\"wp-caption-text\">Figura 13 &#8211; Aspecto final<\/figcaption><\/figure>\r\n<\/figure>\r\n\r\n\r\n\r\n<p>&nbsp;<\/p>\r\n\r\n\r\n\r\n<h3 class=\"wp-block-heading\">Considera\u00e7\u00f5es finais<\/h3>\r\n\r\n\r\n\r\n<p>La\u00a0<a href=\"https:\/\/fgmdentalgroup.com\/latam\/produtos-estetica\/vittra-aps-unique\">resina Vittra APS Unique (FGM)<\/a>\u00a0se present\u00f3 como una excelente alternativa para la confecci\u00f3n de los attachments ortod\u00f3nticos. Adem\u00e1s de la est\u00e9tica muy interesante (qued\u00f3 pr\u00e1cticamente imperceptible socialmente), presenta resistencia mec\u00e1nica satisfactoria, factor primordial por recibir fuerzas concentradas por los alineadores durante el tratamiento e intensificadas durante la retirada de \u00e9ste.<\/p>\r\n","protected":false},"excerpt":{"rendered":"<p>Paciente del sexo femenino nos busc\u00f3 en cl\u00ednica particular relatando insatisfacci\u00f3n con la sonrisa, principalmente en virtud del incisivo lateral derecho superior, que frecuentemente asum\u00eda coloraci\u00f3n m\u00e1s oscura en las fotograf\u00edas sociales. Relata ya haber utilizado ortodoncia fija hace algunos a\u00f1os.<\/p>\n","protected":false},"author":15,"featured_media":377620,"comment_status":"open","ping_status":"open","sticky":false,"template":"","format":"standard","meta":{"footnotes":""},"categories":[1178],"tags":[],"produto-relacionado":[],"categoria-post":[26],"linha-de-atuacao":[478],"class_list":["post-356141","post","type-post","status-publish","format-standard","has-post-thumbnail","hentry","category-post","categoria-post-casos-clinicos","linha-de-atuacao-produto-estetica-latam"],"_links":{"self":[{"href":"https:\/\/fgmdentalgroup.com\/latam\/wp-json\/wp\/v2\/posts\/356141"}],"collection":[{"href":"https:\/\/fgmdentalgroup.com\/latam\/wp-json\/wp\/v2\/posts"}],"about":[{"href":"https:\/\/fgmdentalgroup.com\/latam\/wp-json\/wp\/v2\/types\/post"}],"author":[{"embeddable":true,"href":"https:\/\/fgmdentalgroup.com\/latam\/wp-json\/wp\/v2\/users\/15"}],"replies":[{"embeddable":true,"href":"https:\/\/fgmdentalgroup.com\/latam\/wp-json\/wp\/v2\/comments?post=356141"}],"version-history":[{"count":0,"href":"https:\/\/fgmdentalgroup.com\/latam\/wp-json\/wp\/v2\/posts\/356141\/revisions"}],"wp:featuredmedia":[{"embeddable":true,"href":"https:\/\/fgmdentalgroup.com\/latam\/wp-json\/wp\/v2\/media\/377620"}],"wp:attachment":[{"href":"https:\/\/fgmdentalgroup.com\/latam\/wp-json\/wp\/v2\/media?parent=356141"}],"wp:term":[{"taxonomy":"category","embeddable":true,"href":"https:\/\/fgmdentalgroup.com\/latam\/wp-json\/wp\/v2\/categories?post=356141"},{"taxonomy":"post_tag","embeddable":true,"href":"https:\/\/fgmdentalgroup.com\/latam\/wp-json\/wp\/v2\/tags?post=356141"},{"taxonomy":"produto-relacionado","embeddable":true,"href":"https:\/\/fgmdentalgroup.com\/latam\/wp-json\/wp\/v2\/produto-relacionado?post=356141"},{"taxonomy":"categoria-post","embeddable":true,"href":"https:\/\/fgmdentalgroup.com\/latam\/wp-json\/wp\/v2\/categoria-post?post=356141"},{"taxonomy":"linha-de-atuacao","embeddable":true,"href":"https:\/\/fgmdentalgroup.com\/latam\/wp-json\/wp\/v2\/linha-de-atuacao?post=356141"}],"curies":[{"name":"wp","href":"https:\/\/api.w.org\/{rel}","templated":true}]}}